{"id":9995,"date":"2020-09-05T13:40:16","date_gmt":"2020-09-05T11:40:16","guid":{"rendered":"http:\/\/bierblog.info\/?p=9995"},"modified":"2020-09-05T13:40:16","modified_gmt":"2020-09-05T11:40:16","slug":"brewers-of-europe-waehlen-christian-weber-zum-vizepraesidenten","status":"publish","type":"post","link":"https:\/\/bierblog.info\/?p=9995","title":{"rendered":"Brewers of Europe w\u00e4hlen Christian Weber zum Vizepr\u00e4sidenten"},"content":{"rendered":"<div class=\"shariff\" data-title=\"Brewers of Europe w\u00e4hlen Christian Weber zum Vizepr\u00e4sidenten\" data-info-url=\"http:\/\/ct.de\/-2467514\" data-backend-url=\"https:\/\/bierblog.info\/wp-content\/plugins\/shariff-sharing\/backend\/index.php\" data-temp=\"\/tmp\" data-ttl=\"60\" data-service=\"gftr\" data-services='[\"googleplus\",\"facebook\",\"twitter\",\"reddit\",\"info\"]' data-image=\"\" data-url=\"https:\/\/bierblog.info\/?p=9995\" data-lang=\"de\" data-theme=\"colored\" data-orientation=\"horizontal\"><\/div><p><img decoding=\"async\" align=\"left\" src=\"http:\/\/bierblog.info\/wp-content\/uploads\/2020\/09\/090520_1140_BrewersofEu1.png\" alt=\"\"\/>Christian Weber, Generalbevollm\u00e4chtigter der Karlsberg Brauerei KG Weber, ist am 4. September 2020 von der Generalversammlung der &#8222;Brewers of Europe&#8220; in Br\u00fcssel zum Vizepr\u00e4sidenten des europ\u00e4ischen Dachverbandes gew\u00e4hlt worden. Weber folgt damit Richard Fuller aus Gro\u00dfbritannien, der sein Amt turnusgem\u00e4\u00df nach zweij\u00e4hriger Amtszeit abgegeben hat. Neuer Pr\u00e4sident des europ\u00e4ischen Brauereiverbandes ist Lasse Aho (Finnland), er l\u00f6st den bisherigen Pr\u00e4sidenten Pavlos Photiades (Zypern) ab.\n<\/p>\n<p>Die Brewers of Europe, ein Zusammenschluss von 29 nationalen Brauerei-Verb\u00e4nden, vertreten die Interessen von 6.500 Brauereien in Europa. Deutschland ist mit mehr als 1.500 Brauereien und einem j\u00e4hrlichen Bierabsatz von rund 92 Millionen Hektoliter mit Abstand das gr\u00f6\u00dfte Mitglied des europ\u00e4ischen Dachverbandes.\n<\/p>\n<p>Christian Weber (41) f\u00fchrt in f\u00fcnfter Generation die Karlsberg Brauerei und Holding mit Sitz in Homburg (Saar). Das 1878 gegr\u00fcndete Familienunternehmen besch\u00e4ftigt rund 260 Menschen und vertreibt ein breites Sortiment von Bieren und Biermischgetr\u00e4nken sowie alkoholfreien Bieren und Erfrischungsgetr\u00e4nken. Weber war bereits 2016 ins Pr\u00e4sidium des Deutschen Brauer-Bundes und 2018 zu einem der beiden Vizepr\u00e4sidenten des DBB gew\u00e4hlt worden. Sein Vater Dr. Richard Weber stand von 1992 bis 1996 als Pr\u00e4sident an der Spitze der europ\u00e4ischen Brauer und war von 2002 bis 2008 Pr\u00e4sident des Deutschen Brauer-Bundes.<\/p>\n","protected":false},"excerpt":{"rendered":"<p>Christian Weber, Generalbevollm\u00e4chtigter der Karlsberg Brauerei KG Weber, ist am 4. September 2020 von der Generalversammlung der &#8222;Brewers of Europe&#8220; in Br\u00fcssel zum Vizepr\u00e4sidenten des europ\u00e4ischen Dachverbandes gew\u00e4hlt worden. Weber folgt damit Richard Fuller aus Gro\u00dfbritannien, der sein Amt turnusgem\u00e4\u00df nach zweij\u00e4hriger Amtszeit abgegeben hat. Neuer Pr\u00e4sident des europ\u00e4ischen Brauereiverbandes ist Lasse Aho (Finnland), er [&hellip;]<\/p>\n","protected":false},"author":1,"featured_media":0,"comment_status":"open","ping_status":"open","sticky":false,"template":"","format":"standard","meta":{"jetpack_post_was_ever_published":false,"_jetpack_newsletter_access":"","_jetpack_dont_email_post_to_subs":false,"_jetpack_newsletter_tier_id":0,"_jetpack_memberships_contains_paywalled_content":false,"_jetpack_memberships_contains_paid_content":false,"footnotes":"","jetpack_publicize_message":"","jetpack_publicize_feature_enabled":true,"jetpack_social_post_already_shared":true,"jetpack_social_options":{"image_generator_settings":{"template":"highway","default_image_id":0,"font":"","enabled":false},"version":2}},"categories":[3],"tags":[],"class_list":["post-9995","post","type-post","status-publish","format-standard","hentry","category-news"],"aioseo_notices":[],"jetpack_publicize_connections":[],"jetpack_featured_media_url":"","jetpack_sharing_enabled":true,"jetpack_shortlink":"https:\/\/wp.me\/patIpt-2Bd","_links":{"self":[{"href":"https:\/\/bierblog.info\/index.php?rest_route=\/wp\/v2\/posts\/9995","targetHints":{"allow":["GET"]}}],"collection":[{"href":"https:\/\/bierblog.info\/index.php?rest_route=\/wp\/v2\/posts"}],"about":[{"href":"https:\/\/bierblog.info\/index.php?rest_route=\/wp\/v2\/types\/post"}],"author":[{"embeddable":true,"href":"https:\/\/bierblog.info\/index.php?rest_route=\/wp\/v2\/users\/1"}],"replies":[{"embeddable":true,"href":"https:\/\/bierblog.info\/index.php?rest_route=%2Fwp%2Fv2%2Fcomments&post=9995"}],"version-history":[{"count":1,"href":"https:\/\/bierblog.info\/index.php?rest_route=\/wp\/v2\/posts\/9995\/revisions"}],"predecessor-version":[{"id":9996,"href":"https:\/\/bierblog.info\/index.php?rest_route=\/wp\/v2\/posts\/9995\/revisions\/9996"}],"wp:attachment":[{"href":"https:\/\/bierblog.info\/index.php?rest_route=%2Fwp%2Fv2%2Fmedia&parent=9995"}],"wp:term":[{"taxonomy":"category","embeddable":true,"href":"https:\/\/bierblog.info\/index.php?rest_route=%2Fwp%2Fv2%2Fcategories&post=9995"},{"taxonomy":"post_tag","embeddable":true,"href":"https:\/\/bierblog.info\/index.php?rest_route=%2Fwp%2Fv2%2Ftags&post=9995"}],"curies":[{"name":"wp","href":"https:\/\/api.w.org\/{rel}","templated":true}]}}