{"id":9840,"date":"2020-08-07T10:00:47","date_gmt":"2020-08-07T08:00:47","guid":{"rendered":"http:\/\/bierblog.info\/?p=9840"},"modified":"2020-08-07T10:00:47","modified_gmt":"2020-08-07T08:00:47","slug":"6-11-8-11-2020-fisch-und-feines-fuer-dieses-jahr-abgesagt","status":"publish","type":"post","link":"https:\/\/bierblog.info\/?p=9840","title":{"rendered":"6. 11. \u2013 8. 11. 2020: Fisch und Feines f\u00fcr dieses Jahr abgesagt"},"content":{"rendered":"<div class=\"shariff\" data-title=\"6. 11. \u2013 8. 11. 2020: Fisch und Feines f\u00fcr dieses Jahr abgesagt\" data-info-url=\"http:\/\/ct.de\/-2467514\" data-backend-url=\"https:\/\/bierblog.info\/wp-content\/plugins\/shariff-sharing\/backend\/index.php\" data-temp=\"\/tmp\" data-ttl=\"60\" data-service=\"gftr\" data-services='[\"googleplus\",\"facebook\",\"twitter\",\"reddit\",\"info\"]' data-image=\"\" data-url=\"https:\/\/bierblog.info\/?p=9840\" data-lang=\"de\" data-theme=\"colored\" data-orientation=\"horizontal\"><\/div><p>Eigentlich sollte in der ersten Novemberh\u00e4lfte in Bremen die Messe Fisch und Feines stattfinden. Sie findet j\u00e4hrlich zusammen mit zwei anderen Messen statt, der Urlaubsmesse ReiseLust und der CARAVAN Bremen. Dabei ist auch immer ein Craft Beer-Event, nicht allzu gro\u00df, aber aufgrund der Regionalit\u00e4t interessant und mit einigem Charme. Nun herrscht in diesem Jahr leider Corona und ohne in Hysterie auszubrechen sind aus diesem Grund besondere Hygienema\u00dfnahmen erforderlich. Zentrales Thema ist dabei, dass die St\u00e4nde nicht zu dicht stehen d\u00fcrfen, so dass die vorgeschriebenen Abst\u00e4nde zwischen den Besuchern eingehalten werden k\u00f6nnen.\n<\/p>\n<p>Die Messe Bremen war daher gezwungen, das geplante Event zu strecken, indem eine der drei parallel stattfindenden Messen ausf\u00e4llt, so dass f\u00fcr die anderen Aussteller der erforderliche Platz zur Verf\u00fcgung steht. &#8222;Unser Hygienekonzept sieht vor, die Veranstaltungen viel weitl\u00e4ufiger zu gestalten&#8220;, sagt Kerstin Renken, Bereichsleiterin Verbrauchermessen. &#8222;Wir k\u00f6nnen zwei sehr unterhaltsame, bunte Events mit tollen Ausstellern zu deutschen und internationalen Zielen sowie vielen inspirierenden Vortr\u00e4gen bieten&#8220;, ist Kerstin Renken mit Blick auf den Stand der Vorbereitungen sicher. &#8222;Zu den aktuellen Trends geh\u00f6rt ja zum Beispiel das Campen und allein die Auswahl an Wohnmobilen ist gro\u00df.&#8220; \u00dcber die Pl\u00e4ne sei man in st\u00e4ndigem Austausch mit den Beh\u00f6rden.\n<\/p>\n<p>&#8222;Wir bedauern die Absagen sehr&#8220;, sagen Kerstin Renken und Claudia N\u00f6tzelmann, die als Bereichsleiterin Fachmessen und Special Interest f\u00fcr die FISCH&amp;FEINES zust\u00e4ndig ist.  &#8222;Doch gesellige und genussvolle Veranstaltungen, bei denen das Verkosten im Mittelpunkt steht, w\u00e4ren angesichts der erforderlichen Hygienema\u00dfnahmen nicht m\u00f6glich.&#8220; Nun denke man \u00fcber Alternativkonzepte nach. Au\u00dferdem verspricht die Messe Bremen, dass Fisch und Feines im n\u00e4chsten Jahr wieder stattfinden wird.<\/p>\n","protected":false},"excerpt":{"rendered":"<p>Eigentlich sollte in der ersten Novemberh\u00e4lfte in Bremen die Messe Fisch und Feines stattfinden. Sie findet j\u00e4hrlich zusammen mit zwei anderen Messen statt, der Urlaubsmesse ReiseLust und der CARAVAN Bremen. Dabei ist auch immer ein Craft Beer-Event, nicht allzu gro\u00df, aber aufgrund der Regionalit\u00e4t interessant und mit einigem Charme. Nun herrscht in diesem Jahr leider [&hellip;]<\/p>\n","protected":false},"author":1,"featured_media":0,"comment_status":"open","ping_status":"open","sticky":false,"template":"","format":"standard","meta":{"jetpack_post_was_ever_published":false,"_jetpack_newsletter_access":"","_jetpack_dont_email_post_to_subs":false,"_jetpack_newsletter_tier_id":0,"_jetpack_memberships_contains_paywalled_content":false,"_jetpack_memberships_contains_paid_content":false,"footnotes":"","jetpack_publicize_message":"","jetpack_publicize_feature_enabled":true,"jetpack_social_post_already_shared":true,"jetpack_social_options":{"image_generator_settings":{"template":"highway","default_image_id":0,"font":"","enabled":false},"version":2}},"categories":[48,3],"tags":[],"class_list":["post-9840","post","type-post","status-publish","format-standard","hentry","category-bierfeste","category-news"],"aioseo_notices":[],"jetpack_publicize_connections":[],"jetpack_featured_media_url":"","jetpack_sharing_enabled":true,"jetpack_shortlink":"https:\/\/wp.me\/patIpt-2yI","_links":{"self":[{"href":"https:\/\/bierblog.info\/index.php?rest_route=\/wp\/v2\/posts\/9840","targetHints":{"allow":["GET"]}}],"collection":[{"href":"https:\/\/bierblog.info\/index.php?rest_route=\/wp\/v2\/posts"}],"about":[{"href":"https:\/\/bierblog.info\/index.php?rest_route=\/wp\/v2\/types\/post"}],"author":[{"embeddable":true,"href":"https:\/\/bierblog.info\/index.php?rest_route=\/wp\/v2\/users\/1"}],"replies":[{"embeddable":true,"href":"https:\/\/bierblog.info\/index.php?rest_route=%2Fwp%2Fv2%2Fcomments&post=9840"}],"version-history":[{"count":1,"href":"https:\/\/bierblog.info\/index.php?rest_route=\/wp\/v2\/posts\/9840\/revisions"}],"predecessor-version":[{"id":9841,"href":"https:\/\/bierblog.info\/index.php?rest_route=\/wp\/v2\/posts\/9840\/revisions\/9841"}],"wp:attachment":[{"href":"https:\/\/bierblog.info\/index.php?rest_route=%2Fwp%2Fv2%2Fmedia&parent=9840"}],"wp:term":[{"taxonomy":"category","embeddable":true,"href":"https:\/\/bierblog.info\/index.php?rest_route=%2Fwp%2Fv2%2Fcategories&post=9840"},{"taxonomy":"post_tag","embeddable":true,"href":"https:\/\/bierblog.info\/index.php?rest_route=%2Fwp%2Fv2%2Ftags&post=9840"}],"curies":[{"name":"wp","href":"https:\/\/api.w.org\/{rel}","templated":true}]}}