{"id":9710,"date":"2020-06-29T12:19:06","date_gmt":"2020-06-29T10:19:06","guid":{"rendered":"http:\/\/bierblog.info\/?p=9710"},"modified":"2020-06-29T12:19:06","modified_gmt":"2020-06-29T10:19:06","slug":"oesterreich-schafft-maskenpflicht-in-der-gastronomie-ab","status":"publish","type":"post","link":"https:\/\/bierblog.info\/?p=9710","title":{"rendered":"\u00d6sterreich schafft Maskenpflicht in der Gastronomie ab"},"content":{"rendered":"<div class=\"shariff\" data-title=\"\u00d6sterreich schafft Maskenpflicht in der Gastronomie ab\" data-info-url=\"http:\/\/ct.de\/-2467514\" data-backend-url=\"https:\/\/bierblog.info\/wp-content\/plugins\/shariff-sharing\/backend\/index.php\" data-temp=\"\/tmp\" data-ttl=\"60\" data-service=\"gftr\" data-services='[\"googleplus\",\"facebook\",\"twitter\",\"reddit\",\"info\"]' data-image=\"\" data-url=\"https:\/\/bierblog.info\/?p=9710\" data-lang=\"de\" data-theme=\"colored\" data-orientation=\"horizontal\"><\/div><p>F\u00fcr viele Menschen, besonders diejenigen mit Herz- oder Lungenproblemen, ist die Maskenpflicht an vielen Orten die schlimmste Einschr\u00e4nkung durch die Ma\u00dfnahmen gegen das Corona-Virus. Auch in der Gastronomie besteht die Pflicht zum Tragen von Masken. Das ist f\u00fcr das Personal unangenehm, da dieses die Maske w\u00e4hrend der gesamten Schicht nicht abnehmen darf und auf die G\u00e4ste wirkt es auch nicht wirklich anheimelnd. Daher wird es viele Menschen freuen, dass \u00d6sterreich die Maskenpflicht in der Gastronomie abschafft.\n<\/p>\n<p>&#8222;Das gesellschaftliche und wirtschaftliche Leben nimmt wieder Fahrt auf, wir sind weiterhin erfolgreich im Kampf gegen das Coronavirus. Daher k\u00f6nnen wir mit 1. Juli weitere Lockerungsschritte im Gastronomie- und Veranstaltungsbereich umsetzen. Das ist ein n\u00e4chster wichtiger Schritt in Richtung Normalit\u00e4t&#8220;, betont Tourismusministerin Elisabeth K\u00f6stinger. &#8222;Vor allem das Aus der Maskenpflicht f\u00fcr Mitarbeiterinnen und Mitarbeiter in der Gastronomie ist eine gro\u00dfe Erleichterung f\u00fcr die Betroffenen&#8220;, so K\u00f6stinger. Die Empfehlung zum Tragen des MNS bleibe aber aufrecht. K\u00fcnftig d\u00fcrfen gastronomische Betriebe ihre Gesch\u00e4ftslokale zwischen 05.00 und 01.00 Uhr Fr\u00fch \u00f6ffnen. Die Sperrstunde gilt k\u00fcnftig nicht f\u00fcr geschlossene Veranstaltungen, wenn die Teilnehmer drei Tage vorher dem Betrieb bekannt gegeben werden.\n<\/p>\n<p>Lockerungen sind auch f\u00fcr die Veranstaltungswirtschaft geplant. &#8222;Die Event-, Messe- und Veranstaltungsbranche wurde durch die Coronakrise besonders hart getroffen. Um den Unternehmerinnen und Unternehmern Planungssicherheit zu geben, haben wir einen Stufenplan erarbeitet, der schrittweise Lockerungen bis in den Herbst vorsieht&#8220;, so K\u00f6stinger. Seit 29. Mai 2020 sind Veranstaltungen f\u00fcr bis zu 100 Personen zul\u00e4ssig. Mit 1. Juli werden Veranstaltungen mit bis zu 250 Personen indoor m\u00f6glich, wenn es zugewiesene Sitzpl\u00e4tze gibt. &#8222;Ab 1. August k\u00f6nnen Veranstaltungen mit bis zu 200 Personen wieder stattfinden. Darunter fallen auch Hochzeiten&#8220;, erkl\u00e4rt K\u00f6stinger. Im Freiluftbereich sind ebenfalls stufenweise Anhebungen in h\u00f6herer Zahl vorgesehen. N\u00e4here Informationen zu den neuen Lockerungen stehen auf der Plattform <a href=\"http:\/\/www.sichere-gastfreundschaft.at\">www.sichere-gastfreundschaft.at<\/a> zur Verf\u00fcgung.<\/p>\n","protected":false},"excerpt":{"rendered":"<p>F\u00fcr viele Menschen, besonders diejenigen mit Herz- oder Lungenproblemen, ist die Maskenpflicht an vielen Orten die schlimmste Einschr\u00e4nkung durch die Ma\u00dfnahmen gegen das Corona-Virus. Auch in der Gastronomie besteht die Pflicht zum Tragen von Masken. Das ist f\u00fcr das Personal unangenehm, da dieses die Maske w\u00e4hrend der gesamten Schicht nicht abnehmen darf und auf die [&hellip;]<\/p>\n","protected":false},"author":1,"featured_media":0,"comment_status":"open","ping_status":"open","sticky":false,"template":"","format":"standard","meta":{"jetpack_post_was_ever_published":false,"_jetpack_newsletter_access":"","_jetpack_dont_email_post_to_subs":false,"_jetpack_newsletter_tier_id":0,"_jetpack_memberships_contains_paywalled_content":false,"_jetpack_memberships_contains_paid_content":false,"footnotes":"","jetpack_publicize_message":"","jetpack_publicize_feature_enabled":true,"jetpack_social_post_already_shared":true,"jetpack_social_options":{"image_generator_settings":{"template":"highway","default_image_id":0,"font":"","enabled":false},"version":2}},"categories":[3],"tags":[],"class_list":["post-9710","post","type-post","status-publish","format-standard","hentry","category-news"],"aioseo_notices":[],"jetpack_publicize_connections":[],"jetpack_featured_media_url":"","jetpack_sharing_enabled":true,"jetpack_shortlink":"https:\/\/wp.me\/patIpt-2wC","_links":{"self":[{"href":"https:\/\/bierblog.info\/index.php?rest_route=\/wp\/v2\/posts\/9710","targetHints":{"allow":["GET"]}}],"collection":[{"href":"https:\/\/bierblog.info\/index.php?rest_route=\/wp\/v2\/posts"}],"about":[{"href":"https:\/\/bierblog.info\/index.php?rest_route=\/wp\/v2\/types\/post"}],"author":[{"embeddable":true,"href":"https:\/\/bierblog.info\/index.php?rest_route=\/wp\/v2\/users\/1"}],"replies":[{"embeddable":true,"href":"https:\/\/bierblog.info\/index.php?rest_route=%2Fwp%2Fv2%2Fcomments&post=9710"}],"version-history":[{"count":1,"href":"https:\/\/bierblog.info\/index.php?rest_route=\/wp\/v2\/posts\/9710\/revisions"}],"predecessor-version":[{"id":9711,"href":"https:\/\/bierblog.info\/index.php?rest_route=\/wp\/v2\/posts\/9710\/revisions\/9711"}],"wp:attachment":[{"href":"https:\/\/bierblog.info\/index.php?rest_route=%2Fwp%2Fv2%2Fmedia&parent=9710"}],"wp:term":[{"taxonomy":"category","embeddable":true,"href":"https:\/\/bierblog.info\/index.php?rest_route=%2Fwp%2Fv2%2Fcategories&post=9710"},{"taxonomy":"post_tag","embeddable":true,"href":"https:\/\/bierblog.info\/index.php?rest_route=%2Fwp%2Fv2%2Ftags&post=9710"}],"curies":[{"name":"wp","href":"https:\/\/api.w.org\/{rel}","templated":true}]}}