{"id":8586,"date":"2019-10-31T11:01:37","date_gmt":"2019-10-31T09:01:37","guid":{"rendered":"http:\/\/bierblog.info\/?p=8586"},"modified":"2019-10-31T11:01:37","modified_gmt":"2019-10-31T09:01:37","slug":"5-11-2019-braukollektiv-in-der-bierakademie-bochum","status":"publish","type":"post","link":"https:\/\/bierblog.info\/?p=8586","title":{"rendered":"5. 11. 2019: Braukollektiv in der Bierakademie Bochum"},"content":{"rendered":"<div class=\"shariff\" data-title=\"5. 11. 2019: Braukollektiv in der Bierakademie Bochum\" data-info-url=\"http:\/\/ct.de\/-2467514\" data-backend-url=\"https:\/\/bierblog.info\/wp-content\/plugins\/shariff-sharing\/backend\/index.php\" data-temp=\"\/tmp\" data-ttl=\"60\" data-service=\"gftr\" data-services='[\"googleplus\",\"facebook\",\"twitter\",\"reddit\",\"info\"]' data-image=\"\" data-url=\"https:\/\/bierblog.info\/?p=8586\" data-lang=\"de\" data-theme=\"colored\" data-orientation=\"horizontal\"><\/div><p>Braukollektiv klingt f\u00fcr mich irgendwie nach Ostdeutschland. Tats\u00e4chlich ist diese innovative Brauerei im \u00e4u\u00dfersten S\u00fcdwesten unseres Landes angesiedelt, genauer gesagt in Freiburg. Am kommenden Dienstag wird James Tutor in der Bierakademie zu Gast sein, die wie immer in der Trinkhalle stattfindet.\n<\/p>\n<p>Wer nicht aus dem S\u00fcdwesten dieser Republik kommt, wird wahrscheinlich bislang selten Gelegenheit gehabt haben, die Biere dieser Brauerei zu trinken.\n<\/p>\n<p>Im Team des Braukollektiv sind Deutsche, ein Australier und ein US-Amerikaner zusammengekommen. So verwundert es nicht, dass die ersten Biere der Brauerei von amerikanischen Stilen gepr\u00e4gt waren, Neben Pale Ale und IPA waren auch Brown Ales von Anfang an dabei.\n<\/p>\n<p>Neben den Bieren, die in gr\u00f6\u00dferen Mengen gebraut werden, gibt es vom Kollektiv mittlerweile auch Sude die im Fass ausgebaut werden.\n<\/p>\n<h3>Ort:<br \/>\n<\/h3>\n<p>Trinkhalle <br \/>Herner Str. 8<br \/>Bochum\n<\/p>\n<h3>Termin:<br \/>\n<\/h3>\n<p>Dienstag, 5. November 2019, 19:00 bis 22:00 Uhr<\/p>\n","protected":false},"excerpt":{"rendered":"<p>Braukollektiv klingt f\u00fcr mich irgendwie nach Ostdeutschland. Tats\u00e4chlich ist diese innovative Brauerei im \u00e4u\u00dfersten S\u00fcdwesten unseres Landes angesiedelt, genauer gesagt in Freiburg. Am kommenden Dienstag wird James Tutor in der Bierakademie zu Gast sein, die wie immer in der Trinkhalle stattfindet. Wer nicht aus dem S\u00fcdwesten dieser Republik kommt, wird wahrscheinlich bislang selten Gelegenheit gehabt [&hellip;]<\/p>\n","protected":false},"author":1,"featured_media":0,"comment_status":"open","ping_status":"open","sticky":false,"template":"","format":"standard","meta":{"jetpack_post_was_ever_published":false,"_jetpack_newsletter_access":"","_jetpack_dont_email_post_to_subs":false,"_jetpack_newsletter_tier_id":0,"_jetpack_memberships_contains_paywalled_content":false,"_jetpack_memberships_contains_paid_content":false,"footnotes":"","jetpack_publicize_message":"","jetpack_publicize_feature_enabled":true,"jetpack_social_post_already_shared":true,"jetpack_social_options":{"image_generator_settings":{"template":"highway","default_image_id":0,"font":"","enabled":false},"version":2}},"categories":[48],"tags":[],"class_list":["post-8586","post","type-post","status-publish","format-standard","hentry","category-bierfeste"],"aioseo_notices":[],"jetpack_publicize_connections":[],"jetpack_featured_media_url":"","jetpack_sharing_enabled":true,"jetpack_shortlink":"https:\/\/wp.me\/patIpt-2eu","_links":{"self":[{"href":"https:\/\/bierblog.info\/index.php?rest_route=\/wp\/v2\/posts\/8586","targetHints":{"allow":["GET"]}}],"collection":[{"href":"https:\/\/bierblog.info\/index.php?rest_route=\/wp\/v2\/posts"}],"about":[{"href":"https:\/\/bierblog.info\/index.php?rest_route=\/wp\/v2\/types\/post"}],"author":[{"embeddable":true,"href":"https:\/\/bierblog.info\/index.php?rest_route=\/wp\/v2\/users\/1"}],"replies":[{"embeddable":true,"href":"https:\/\/bierblog.info\/index.php?rest_route=%2Fwp%2Fv2%2Fcomments&post=8586"}],"version-history":[{"count":1,"href":"https:\/\/bierblog.info\/index.php?rest_route=\/wp\/v2\/posts\/8586\/revisions"}],"predecessor-version":[{"id":8587,"href":"https:\/\/bierblog.info\/index.php?rest_route=\/wp\/v2\/posts\/8586\/revisions\/8587"}],"wp:attachment":[{"href":"https:\/\/bierblog.info\/index.php?rest_route=%2Fwp%2Fv2%2Fmedia&parent=8586"}],"wp:term":[{"taxonomy":"category","embeddable":true,"href":"https:\/\/bierblog.info\/index.php?rest_route=%2Fwp%2Fv2%2Fcategories&post=8586"},{"taxonomy":"post_tag","embeddable":true,"href":"https:\/\/bierblog.info\/index.php?rest_route=%2Fwp%2Fv2%2Ftags&post=8586"}],"curies":[{"name":"wp","href":"https:\/\/api.w.org\/{rel}","templated":true}]}}