{"id":8107,"date":"2019-08-31T11:50:53","date_gmt":"2019-08-31T09:50:53","guid":{"rendered":"http:\/\/bierblog.info\/?p=8107"},"modified":"2019-10-09T12:54:04","modified_gmt":"2019-10-09T10:54:04","slug":"la-corne-du-bois-des-pendus-aux-fruits","status":"publish","type":"post","link":"https:\/\/bierblog.info\/?p=8107","title":{"rendered":"La Corne Du Bois Des Pendus Aux Fruits"},"content":{"rendered":"<div class=\"shariff\" data-title=\"La Corne Du Bois Des Pendus Aux Fruits\" data-info-url=\"http:\/\/ct.de\/-2467514\" data-backend-url=\"https:\/\/bierblog.info\/wp-content\/plugins\/shariff-sharing\/backend\/index.php\" data-temp=\"\/tmp\" data-ttl=\"60\" data-service=\"gftr\" data-services='[\"googleplus\",\"facebook\",\"twitter\",\"reddit\",\"info\"]' data-image=\"\" data-url=\"https:\/\/bierblog.info\/?p=8107\" data-lang=\"de\" data-theme=\"colored\" data-orientation=\"horizontal\"><\/div><p><img decoding=\"async\" align=\"left\" alt=\"\" src=\"http:\/\/bierblog.info\/wp-content\/uploads\/2019\/08\/083119_0950_LaCorneDuBo1.jpg\">\u00dcber den armen Gehenkten, der auf allen Flaschen der Brasserie d&#8217;Ebly abgebildet sind, habe ich mich ja bereits ausreichend ausgelassen. Und da Wiederholungen bekanntlich nicht gefallen, komme ich jetzt gleich und ohne Umwege zum Bier.<\/p>\n<p>Rubinrot und hefetr\u00fcb l\u00e4uft das Bier ins Glas. \u00dcberraschend dabei ist die durchschnittlich gro\u00dfe feinporige Schaumkrone, die sich in strahlendem Wei\u00df pr\u00e4sentiert, nicht rosafarben, wie ich es bei diesem intensiv roten Bier erwartet h\u00e4tte.<\/p>\n<p>Die D\u00fcfte der Himbeere dominieren das Aroma dieses Bieres. Hier mischen sich die S\u00fc\u00dfe und S\u00e4ure der Fr\u00fcchte mit dem Karamell des Malzes. Im Hintergrund erahne ich noch einen leichten Ton von Harz.<\/p>\n<p>Der Antrunk ist weniger s\u00fc\u00df als erwartet. Stattdessen steht die Fruchtigkeit im Vordergrund, die gut mit der sehr feinperligen Kohlens\u00e4ure harmoniert. Das Mundgef\u00fchl ist voll, dabei aber frisch. Die Fr\u00fcchte kommen wie bereits im Aroma in den Vordergrund, ohne dabei penetrant zu werden. Auch der Abgang wird durch die Fr\u00fcchte dominiert. Bitterstoffe kann ich nur sehr verhalten feststellen, weshalb der Geschmack nur kurz nachklingt.<\/p>\n<p>Dieses Bier l\u00e4sst sich gut zu s\u00fc\u00dfen Desserts oder zu Obstsalat genie\u00dfen.<\/p>\n<h3>Zutaten:<\/h3>\n<p>Wasser, Gerstenmalz, Weizen, Hopfen, Hefe, S\u00fc\u00dfstoff aus der Stevia, 3 % Himbeersaftkonzentrat<\/p>\n<h3>Alkoholgehalt:<\/h3>\n<p>4 % Vol.<\/p>\n<h3>Brauerei:<\/h3>\n<p>Brasserie d&#8217;Ebly<br \/>\nRue Champs Claire 4<br \/>\n6860 Ebly<br \/>\nBelgien<br \/>\n<a href=\"http:\/\/www.lacorneduboisdespendus.be\/\">http:\/\/www.lacorneduboisdespendus.be\/<\/a><\/p>\n","protected":false},"excerpt":{"rendered":"<p>\u00dcber den armen Gehenkten, der auf allen Flaschen der Brasserie d&#8217;Ebly abgebildet sind, habe ich mich ja bereits ausreichend ausgelassen. Und da Wiederholungen bekanntlich nicht gefallen, komme ich jetzt gleich und ohne Umwege zum Bier. Rubinrot und hefetr\u00fcb l\u00e4uft das Bier ins Glas. \u00dcberraschend dabei ist die durchschnittlich gro\u00dfe feinporige Schaumkrone, die sich in strahlendem [&hellip;]<\/p>\n","protected":false},"author":1,"featured_media":0,"comment_status":"open","ping_status":"open","sticky":false,"template":"","format":"standard","meta":{"jetpack_post_was_ever_published":false,"_jetpack_newsletter_access":"","_jetpack_dont_email_post_to_subs":false,"_jetpack_newsletter_tier_id":0,"_jetpack_memberships_contains_paywalled_content":false,"_jetpack_memberships_contains_paid_content":false,"footnotes":"","jetpack_publicize_message":"","jetpack_publicize_feature_enabled":true,"jetpack_social_post_already_shared":true,"jetpack_social_options":{"image_generator_settings":{"template":"highway","default_image_id":0,"font":"","enabled":false},"version":2}},"categories":[11,40],"tags":[5,46],"class_list":["post-8107","post","type-post","status-publish","format-standard","hentry","category-biertest","category-craft-bier","tag-belgien","tag-fruchtbier"],"aioseo_notices":[],"jetpack_publicize_connections":[],"jetpack_featured_media_url":"","jetpack_sharing_enabled":true,"jetpack_shortlink":"https:\/\/wp.me\/patIpt-26L","_links":{"self":[{"href":"https:\/\/bierblog.info\/index.php?rest_route=\/wp\/v2\/posts\/8107","targetHints":{"allow":["GET"]}}],"collection":[{"href":"https:\/\/bierblog.info\/index.php?rest_route=\/wp\/v2\/posts"}],"about":[{"href":"https:\/\/bierblog.info\/index.php?rest_route=\/wp\/v2\/types\/post"}],"author":[{"embeddable":true,"href":"https:\/\/bierblog.info\/index.php?rest_route=\/wp\/v2\/users\/1"}],"replies":[{"embeddable":true,"href":"https:\/\/bierblog.info\/index.php?rest_route=%2Fwp%2Fv2%2Fcomments&post=8107"}],"version-history":[{"count":2,"href":"https:\/\/bierblog.info\/index.php?rest_route=\/wp\/v2\/posts\/8107\/revisions"}],"predecessor-version":[{"id":8112,"href":"https:\/\/bierblog.info\/index.php?rest_route=\/wp\/v2\/posts\/8107\/revisions\/8112"}],"wp:attachment":[{"href":"https:\/\/bierblog.info\/index.php?rest_route=%2Fwp%2Fv2%2Fmedia&parent=8107"}],"wp:term":[{"taxonomy":"category","embeddable":true,"href":"https:\/\/bierblog.info\/index.php?rest_route=%2Fwp%2Fv2%2Fcategories&post=8107"},{"taxonomy":"post_tag","embeddable":true,"href":"https:\/\/bierblog.info\/index.php?rest_route=%2Fwp%2Fv2%2Ftags&post=8107"}],"curies":[{"name":"wp","href":"https:\/\/api.w.org\/{rel}","templated":true}]}}