{"id":7917,"date":"2019-07-29T13:26:21","date_gmt":"2019-07-29T11:26:21","guid":{"rendered":"http:\/\/bierblog.info\/?p=7917"},"modified":"2019-07-29T13:26:21","modified_gmt":"2019-07-29T11:26:21","slug":"2-8-2019-internationaler-tag-des-bieres-in-leoben","status":"publish","type":"post","link":"https:\/\/bierblog.info\/?p=7917","title":{"rendered":"2. 8. 2019: Internationaler Tag des Bieres in Leoben"},"content":{"rendered":"<div class=\"shariff\" data-title=\"2. 8. 2019: Internationaler Tag des Bieres in Leoben\" data-info-url=\"http:\/\/ct.de\/-2467514\" data-backend-url=\"https:\/\/bierblog.info\/wp-content\/plugins\/shariff-sharing\/backend\/index.php\" data-temp=\"\/tmp\" data-ttl=\"60\" data-service=\"gftr\" data-services='[\"googleplus\",\"facebook\",\"twitter\",\"reddit\",\"info\"]' data-image=\"\" data-url=\"https:\/\/bierblog.info\/?p=7917\" data-lang=\"de\" data-theme=\"colored\" data-orientation=\"horizontal\"><\/div><p>Wie in jedem Jahr wird auch diesmal am ersten Freitag im August der internationale Tag des Bieres begangen. Die G\u00f6sser Brauerei, die Stadt Leoben und das Citymanagement haben sich vor drei Jahren zusammengetan, um Leoben als Braustadt noch bekannter zu machen. Am Freitag, 2. August, steht der Leobener Hauptplatz ab 14 Uhr ganz im Zeichen des Bieres. Bei Musik und guter Stimmung servieren die \u00f6rtlichen Gastronomen kulinarische K\u00f6stlichkeiten. Der Bierbezug darf bei Schmankerln wie Bierrostbraten, Biergulasch oder Bierleberk\u00e4se nat\u00fcrlich nicht fehlen. Sportlich-Mutige k\u00f6nnen sich am Bierkistenklettern versuchen. Etwas gem\u00fctlicher sind die F\u00fchrungen in der Brauerei G\u00f6ss, die von 10 bis 14 Uhr kostenlos zu jeder vollen Stunde stattfinden.\n<\/p>\n<p>Bei der offiziellen Er\u00f6ffnung um 17 Uhr wird Skilegende und G\u00f6sser-Testimonial Hans Knau\u00df traditionell wieder das Festbier anschlagen. Im Fass ist in diesem Jahr neu das G\u00f6sser NaturWeizen. Das nach Angaben der Brauerei v\u00f6llig neuartige Weizenbier von G\u00f6sser spricht auch jene an, denen ein Weizenbier bisher zu voll oder zu fruchtig war. Gold leuchtend in der Farbe schmeckt es mit 5% Alkoholgehalt leicht fruchtig, harmonisch ausgewogen und ist besonders gut und leicht zu trinken. Das nat\u00fcrlich hefetr\u00fcbe Weizenbier wird mit \u00f6sterreichischen Rohstoffen, Weizen- und Dinkelmalz, gebraut. Daf\u00fcr ist das Bier mit dem AMA G\u00fctesiegel ausgezeichnet.<\/p>\n","protected":false},"excerpt":{"rendered":"<p>Wie in jedem Jahr wird auch diesmal am ersten Freitag im August der internationale Tag des Bieres begangen. Die G\u00f6sser Brauerei, die Stadt Leoben und das Citymanagement haben sich vor drei Jahren zusammengetan, um Leoben als Braustadt noch bekannter zu machen. Am Freitag, 2. August, steht der Leobener Hauptplatz ab 14 Uhr ganz im Zeichen [&hellip;]<\/p>\n","protected":false},"author":1,"featured_media":0,"comment_status":"open","ping_status":"open","sticky":false,"template":"","format":"standard","meta":{"jetpack_post_was_ever_published":false,"_jetpack_newsletter_access":"","_jetpack_dont_email_post_to_subs":false,"_jetpack_newsletter_tier_id":0,"_jetpack_memberships_contains_paywalled_content":false,"_jetpack_memberships_contains_paid_content":false,"footnotes":"","jetpack_publicize_message":"","jetpack_publicize_feature_enabled":true,"jetpack_social_post_already_shared":true,"jetpack_social_options":{"image_generator_settings":{"template":"highway","default_image_id":0,"font":"","enabled":false},"version":2}},"categories":[48],"tags":[],"class_list":["post-7917","post","type-post","status-publish","format-standard","hentry","category-bierfeste"],"aioseo_notices":[],"jetpack_publicize_connections":[],"jetpack_featured_media_url":"","jetpack_sharing_enabled":true,"jetpack_shortlink":"https:\/\/wp.me\/patIpt-23H","_links":{"self":[{"href":"https:\/\/bierblog.info\/index.php?rest_route=\/wp\/v2\/posts\/7917","targetHints":{"allow":["GET"]}}],"collection":[{"href":"https:\/\/bierblog.info\/index.php?rest_route=\/wp\/v2\/posts"}],"about":[{"href":"https:\/\/bierblog.info\/index.php?rest_route=\/wp\/v2\/types\/post"}],"author":[{"embeddable":true,"href":"https:\/\/bierblog.info\/index.php?rest_route=\/wp\/v2\/users\/1"}],"replies":[{"embeddable":true,"href":"https:\/\/bierblog.info\/index.php?rest_route=%2Fwp%2Fv2%2Fcomments&post=7917"}],"version-history":[{"count":1,"href":"https:\/\/bierblog.info\/index.php?rest_route=\/wp\/v2\/posts\/7917\/revisions"}],"predecessor-version":[{"id":7918,"href":"https:\/\/bierblog.info\/index.php?rest_route=\/wp\/v2\/posts\/7917\/revisions\/7918"}],"wp:attachment":[{"href":"https:\/\/bierblog.info\/index.php?rest_route=%2Fwp%2Fv2%2Fmedia&parent=7917"}],"wp:term":[{"taxonomy":"category","embeddable":true,"href":"https:\/\/bierblog.info\/index.php?rest_route=%2Fwp%2Fv2%2Fcategories&post=7917"},{"taxonomy":"post_tag","embeddable":true,"href":"https:\/\/bierblog.info\/index.php?rest_route=%2Fwp%2Fv2%2Ftags&post=7917"}],"curies":[{"name":"wp","href":"https:\/\/api.w.org\/{rel}","templated":true}]}}