{"id":7878,"date":"2019-07-09T19:53:48","date_gmt":"2019-07-09T17:53:48","guid":{"rendered":"http:\/\/bierblog.info\/?p=7878"},"modified":"2019-07-09T19:53:48","modified_gmt":"2019-07-09T17:53:48","slug":"paulaner-salvator-preis-geht-in-die-dritte-runde","status":"publish","type":"post","link":"https:\/\/bierblog.info\/?p=7878","title":{"rendered":"Paulaner Salvator-Preis geht in die dritte Runde"},"content":{"rendered":"<div class=\"shariff\" data-title=\"Paulaner Salvator-Preis geht in die dritte Runde\" data-info-url=\"http:\/\/ct.de\/-2467514\" data-backend-url=\"https:\/\/bierblog.info\/wp-content\/plugins\/shariff-sharing\/backend\/index.php\" data-temp=\"\/tmp\" data-ttl=\"60\" data-service=\"gftr\" data-services='[\"googleplus\",\"facebook\",\"twitter\",\"reddit\",\"info\"]' data-image=\"\" data-url=\"https:\/\/bierblog.info\/?p=7878\" data-lang=\"de\" data-theme=\"colored\" data-orientation=\"horizontal\"><\/div><p><img decoding=\"async\" align=\"left\" src=\"http:\/\/bierblog.info\/wp-content\/uploads\/2019\/07\/070919_1753_PaulanerSal1.png\" alt=\"\"\/>Seit fast 400 Jahren ist die Paulaner Brauerei Bestandteil der Tradition und Geschichte M\u00fcnchens. Das Wort &#8222;Charitas&#8220; nahm schon bei den Paulaner M\u00f6nchen und ihrem Ordensgr\u00fcnder Franz von Paola ein und das \u00fcbertrugen sie auch auf ihre Brauerei. Mancher Geschichtsschreiber spricht sogar davon, dass das Wort ihre Bierkr\u00fcge schm\u00fcckte. Ganz in dieser Tradition f\u00f6rdert der Paulaner Salvator-Preis heute mit bis zu 80.000 Euro Initiativen und Projekte, die sich zum Ziel gesetzt haben, das Miteinander in der Stadt M\u00fcnchen zu verbessern. Das diesj\u00e4hrige Jahresmotto lautet &#8222;TraditioNeu \u2013 Wie Altbew\u00e4hrtes uns heute verbindet&#8220;.\n<\/p>\n<p>&#8222;Liebgewonnene Tradition&#8220;, &#8222;seit Jahrzehnten bew\u00e4hrt&#8220;, &#8222;Brauchtumspflege&#8220; aber auch &#8222;Brautradition&#8220;, das sind oft verwendete Redewendungen, wenn man von Brauereien spricht. 2019 ist &#8222;TraditioNeu&#8220; das Motto des Paulaner Salvator-Preises, mit dem die Brauerei die besten Ideen f\u00fcr M\u00fcnchen f\u00f6rdert. Und wie die Kombination der Worte &#8222;Tradition&#8220; und &#8222;Neu&#8220; schon sagt, dreht sich alles darum bew\u00e4hrte Wege und Instrumente mit neuen Ideen aufzuladen. M\u00fcnchen ist gepr\u00e4gt von einem ganz eigenen Lebensgef\u00fchl, in dem Traditionen eine wichtige Rolle spielen. Sie stellen in einer schnelllebigen Zeit einen Anker dar und verbinden Menschen. Mit dem Preis m\u00f6chte die Paulaner Brauereieine Anschubfinanzierung f\u00fcr neue Projekte bieten, die diese Idee f\u00fcr ein lebenswertes M\u00fcnchen unterst\u00fctzen. Bewerben k\u00f6nnen sich Einzelpersonen ebenso wie gemeinn\u00fctzige Organisationen oder sozial ausgerichtete Unternehmen. Neu in der Jury in diesem Jahr ist der bekannte Regisseur David Dietl. &#8222;Mein Lebensmittelpunkt ist ja wieder M\u00fcnchen geworden und ich finde die Idee Klasse, etwas f\u00fcr Stadt und das Zusammenleben zu tun und zu f\u00f6rdern&#8220;, so Dietl \u00fcber sein Engagement.\n<\/p>\n<p>In den vergangenen beiden Jahren gab es jeweils \u00fcber 100 Bewerbungen f\u00fcr den Paulaner Salvator-Preis. 2018 wurden das &#8222;Kulturnetzwerk Silberfilm&#8220;, &#8222;Hofgesellschaften&#8220;, &#8222;Tee und mehr&#8220; und &#8222;Aloha Wanderwelt&#8220; gef\u00f6rdert. &#8222;Der Salvator-Preis hat uns sehr geholfen. Wir konnten das Projekt &#8222;Silberfilm&#8220; auf M\u00fcnchen ausbreiten und haben uns mittlerweile ein kleines Netzwerk aufbauen&#8220;, freut sich Sabine Distler vom &#8222;Kulturnetzwek Silberfilm, ein Projekt, das Kinobesuche f\u00fcr Demenzkranke und ihre Angeh\u00f6rigen organisiert. &#8222;Wer eine Idee hat, unbedingt bei dem Preis bewerben. Schon allein der Workshop, den die Brauerei organisiert, hilft den Projekten weiter&#8220;, so Distler.\n<\/p>\n<p>Ideen k\u00f6nnen unter <a href=\"http:\/\/www.paulaner-salvator-preis.de\">www.paulaner-salvator-preis.de<\/a> eingereicht werden. Die Einreichungsfrist endet am 30. Juli 2019, dann beginnt der weitere Auswahlprozess. \u00dcber die Gewinner des mehrstufigen Auswahlverfahrens entscheidet eine neunk\u00f6pfige Jury, bestehend aus Unternehmensvertretern und Experten aus dem sozialen Bereich in M\u00fcnchen.\n<\/p>\n<p>Weitere Informationen zum Preis und zu vier Gewinnerprojekten des Vorjahres finden Sie unter <a href=\"http:\/\/www.paulaner-salvator-preis.de\">www.paulaner-salvator-preis.de<\/a>.\n<\/p>\n<p>Jury-Mitglieder des Paulaner Salvator-Preises:\n<\/p>\n<ul>\n<li>Neu in der Jury ist in diesem Jahr der M\u00fcnchner Regisseur David Dietl\n<\/li>\n<li>Bud A. Willim, Senior Berater bei Schomerus, Beratung fu\u0308r gesellschaftliches Engagement\n<\/li>\n<li>Christian Boenisch, Gesch\u00e4ftsfu\u0308hrung des Arbeiter-Samariter-Bund Mu\u0308nchen\/Oberbayern\n<\/li>\n<li>Dr. Dominik Domnik, CFO der Social Entrepreneurship Akademie\n<\/li>\n<li>Ute Bertel, Direktorium der Stadt Mu\u0308nchen, Koordinationsstelle Bu\u0308rgerschaftliches Engagement\n<\/li>\n<li>Prof. Dr. Martina Wegner, Fakult\u00e4t fu\u0308r Angewandte Sozialwissenschaften, Hochschule Mu\u0308nchen\n<\/li>\n<li>Christiane Uhl, Gesch\u00e4ftsf\u00fchrerin der Paulaner Brauerei\n<\/li>\n<li>Andreas Steinfatt, Gesch\u00e4ftsfu\u0308hrer der Paulaner Brauerei\n<\/li>\n<li>Bernhard Taubenberger, Leiter Kommunikation &amp; Marketing der Sch\u00f6rghuber Unternehmensgruppe <\/li>\n<\/ul>\n","protected":false},"excerpt":{"rendered":"<p>Seit fast 400 Jahren ist die Paulaner Brauerei Bestandteil der Tradition und Geschichte M\u00fcnchens. Das Wort &#8222;Charitas&#8220; nahm schon bei den Paulaner M\u00f6nchen und ihrem Ordensgr\u00fcnder Franz von Paola ein und das \u00fcbertrugen sie auch auf ihre Brauerei. Mancher Geschichtsschreiber spricht sogar davon, dass das Wort ihre Bierkr\u00fcge schm\u00fcckte. Ganz in dieser Tradition f\u00f6rdert der [&hellip;]<\/p>\n","protected":false},"author":1,"featured_media":0,"comment_status":"open","ping_status":"open","sticky":false,"template":"","format":"standard","meta":{"jetpack_post_was_ever_published":false,"_jetpack_newsletter_access":"","_jetpack_dont_email_post_to_subs":false,"_jetpack_newsletter_tier_id":0,"_jetpack_memberships_contains_paywalled_content":false,"_jetpack_memberships_contains_paid_content":false,"footnotes":"","jetpack_publicize_message":"","jetpack_publicize_feature_enabled":true,"jetpack_social_post_already_shared":true,"jetpack_social_options":{"image_generator_settings":{"template":"highway","default_image_id":0,"font":"","enabled":false},"version":2}},"categories":[3],"tags":[],"class_list":["post-7878","post","type-post","status-publish","format-standard","hentry","category-news"],"aioseo_notices":[],"jetpack_publicize_connections":[],"jetpack_featured_media_url":"","jetpack_sharing_enabled":true,"jetpack_shortlink":"https:\/\/wp.me\/patIpt-234","_links":{"self":[{"href":"https:\/\/bierblog.info\/index.php?rest_route=\/wp\/v2\/posts\/7878","targetHints":{"allow":["GET"]}}],"collection":[{"href":"https:\/\/bierblog.info\/index.php?rest_route=\/wp\/v2\/posts"}],"about":[{"href":"https:\/\/bierblog.info\/index.php?rest_route=\/wp\/v2\/types\/post"}],"author":[{"embeddable":true,"href":"https:\/\/bierblog.info\/index.php?rest_route=\/wp\/v2\/users\/1"}],"replies":[{"embeddable":true,"href":"https:\/\/bierblog.info\/index.php?rest_route=%2Fwp%2Fv2%2Fcomments&post=7878"}],"version-history":[{"count":1,"href":"https:\/\/bierblog.info\/index.php?rest_route=\/wp\/v2\/posts\/7878\/revisions"}],"predecessor-version":[{"id":7879,"href":"https:\/\/bierblog.info\/index.php?rest_route=\/wp\/v2\/posts\/7878\/revisions\/7879"}],"wp:attachment":[{"href":"https:\/\/bierblog.info\/index.php?rest_route=%2Fwp%2Fv2%2Fmedia&parent=7878"}],"wp:term":[{"taxonomy":"category","embeddable":true,"href":"https:\/\/bierblog.info\/index.php?rest_route=%2Fwp%2Fv2%2Fcategories&post=7878"},{"taxonomy":"post_tag","embeddable":true,"href":"https:\/\/bierblog.info\/index.php?rest_route=%2Fwp%2Fv2%2Ftags&post=7878"}],"curies":[{"name":"wp","href":"https:\/\/api.w.org\/{rel}","templated":true}]}}