{"id":7427,"date":"2019-03-05T11:31:11","date_gmt":"2019-03-05T09:31:11","guid":{"rendered":"http:\/\/bierblog.info\/?p=7427"},"modified":"2019-03-05T11:31:11","modified_gmt":"2019-03-05T09:31:11","slug":"red-castle-brew-hat-den-bierhahn-zugedreht","status":"publish","type":"post","link":"https:\/\/bierblog.info\/?p=7427","title":{"rendered":"Red Castle Brew hat den Bierhahn zugedreht"},"content":{"rendered":"<div class=\"shariff\" data-title=\"Red Castle Brew hat den Bierhahn zugedreht\" data-info-url=\"http:\/\/ct.de\/-2467514\" data-backend-url=\"https:\/\/bierblog.info\/wp-content\/plugins\/shariff-sharing\/backend\/index.php\" data-temp=\"\/tmp\" data-ttl=\"60\" data-service=\"gftr\" data-services='[\"googleplus\",\"facebook\",\"twitter\",\"reddit\",\"info\"]' data-image=\"\" data-url=\"https:\/\/bierblog.info\/?p=7427\" data-lang=\"de\" data-theme=\"colored\" data-orientation=\"horizontal\"><\/div><p>Ich wei\u00df gar nicht mehr, wann ich Michael Bellair kennengelernt habe. Es muss aber so ziemlich am Beginn seiner Karriere als Brauer gewesen sein. Ich ging \u00fcber den Hauptmarkt in N\u00fcrnberg und sah seinen Stand, an dem er sein Bier verkaufte sowie einige Produkte, die er mit seinem Bier hergestellt hat. Seitdem war ein Besuch an seinem Stand f\u00fcr mich bei jedem Besuch in N\u00fcrnberg ein Pflichttermin f\u00fcr mich. Als ich aus Anlass der BrauBeviale zuletzt in N\u00fcrnberg war, fehlte sein Stand. Da hatte ich bereits ein ungutes Gef\u00fchl. Jetzt ist es Gewissheit: das Onlinemagazin <a href=\"http:\/\/www.nordbayern.de\/region\/forchheim\/ein-mann-brauerei-red-castle-brew-ist-geschichte-1.8649129\">nordbayern.de<\/a> meldete am 28. Februar, dass Michael die Brauerei sowie seine Gastst\u00e4tte aufgegeben hat.\n<\/p>\n<p>Nach Darstellung von nordbayern.de hat die Aufgabe folgenden Grund: Michael hatte im Gewerbegebiet von Gr\u00e4fenberg eine leere Halle gepachtet und dort mit viel Herzblut eine Gastst\u00e4tte mit Au\u00dfenbereich sowie seine Brauerei eingerichtet. Daf\u00fcr musste er sowohl eine K\u00fcche als auch Toiletten einbauen. Nun hatte der Verp\u00e4chter die Pacht deutlich erh\u00f6ht und sich bei der Erh\u00f6hung an der normalen Pacht f\u00fcr die Gastronomie orientiert, nicht wie verpachtet an den Zahlungen f\u00fcr eine leere Halle. Die neue Pacht konnte Michael mit seinem Kleinstunternehmen aber nicht erwirtschaften.\n<\/p>\n<p>Ich bedaure diese Entwicklung. Sein Stand auf dem N\u00fcrnberger Hauptmarkt war f\u00fcr mich immer ein Anlaufpunkt, denn er hatte immer neue und \u00fcberraschende Biere im Angebot, von denen ich auch einige hier im Blog beschrieben habe. Ich w\u00fcnsche Michael, der jetzt in seinen urspr\u00fcnglichen Beruf zur\u00fcckkehren will, alles gute.<\/p>\n","protected":false},"excerpt":{"rendered":"<p>Ich wei\u00df gar nicht mehr, wann ich Michael Bellair kennengelernt habe. Es muss aber so ziemlich am Beginn seiner Karriere als Brauer gewesen sein. Ich ging \u00fcber den Hauptmarkt in N\u00fcrnberg und sah seinen Stand, an dem er sein Bier verkaufte sowie einige Produkte, die er mit seinem Bier hergestellt hat. Seitdem war ein Besuch [&hellip;]<\/p>\n","protected":false},"author":1,"featured_media":0,"comment_status":"open","ping_status":"open","sticky":false,"template":"","format":"standard","meta":{"jetpack_post_was_ever_published":false,"_jetpack_newsletter_access":"","_jetpack_dont_email_post_to_subs":false,"_jetpack_newsletter_tier_id":0,"_jetpack_memberships_contains_paywalled_content":false,"_jetpack_memberships_contains_paid_content":false,"footnotes":"","jetpack_publicize_message":"","jetpack_publicize_feature_enabled":true,"jetpack_social_post_already_shared":true,"jetpack_social_options":{"image_generator_settings":{"template":"highway","default_image_id":0,"font":"","enabled":false},"version":2}},"categories":[3],"tags":[],"class_list":["post-7427","post","type-post","status-publish","format-standard","hentry","category-news"],"aioseo_notices":[],"jetpack_publicize_connections":[],"jetpack_featured_media_url":"","jetpack_sharing_enabled":true,"jetpack_shortlink":"https:\/\/wp.me\/patIpt-1VN","_links":{"self":[{"href":"https:\/\/bierblog.info\/index.php?rest_route=\/wp\/v2\/posts\/7427","targetHints":{"allow":["GET"]}}],"collection":[{"href":"https:\/\/bierblog.info\/index.php?rest_route=\/wp\/v2\/posts"}],"about":[{"href":"https:\/\/bierblog.info\/index.php?rest_route=\/wp\/v2\/types\/post"}],"author":[{"embeddable":true,"href":"https:\/\/bierblog.info\/index.php?rest_route=\/wp\/v2\/users\/1"}],"replies":[{"embeddable":true,"href":"https:\/\/bierblog.info\/index.php?rest_route=%2Fwp%2Fv2%2Fcomments&post=7427"}],"version-history":[{"count":1,"href":"https:\/\/bierblog.info\/index.php?rest_route=\/wp\/v2\/posts\/7427\/revisions"}],"predecessor-version":[{"id":7428,"href":"https:\/\/bierblog.info\/index.php?rest_route=\/wp\/v2\/posts\/7427\/revisions\/7428"}],"wp:attachment":[{"href":"https:\/\/bierblog.info\/index.php?rest_route=%2Fwp%2Fv2%2Fmedia&parent=7427"}],"wp:term":[{"taxonomy":"category","embeddable":true,"href":"https:\/\/bierblog.info\/index.php?rest_route=%2Fwp%2Fv2%2Fcategories&post=7427"},{"taxonomy":"post_tag","embeddable":true,"href":"https:\/\/bierblog.info\/index.php?rest_route=%2Fwp%2Fv2%2Ftags&post=7427"}],"curies":[{"name":"wp","href":"https:\/\/api.w.org\/{rel}","templated":true}]}}