{"id":7094,"date":"2019-01-16T19:52:36","date_gmt":"2019-01-16T17:52:36","guid":{"rendered":"http:\/\/bierblog.info\/?p=7094"},"modified":"2019-01-16T19:52:36","modified_gmt":"2019-01-16T17:52:36","slug":"alpirsbacher-auf-der-gruenen-woche-in-berlin","status":"publish","type":"post","link":"https:\/\/bierblog.info\/?p=7094","title":{"rendered":"Alpirsbacher auf der Gr\u00fcnen Woche in Berlin"},"content":{"rendered":"<div class=\"shariff\" data-title=\"Alpirsbacher auf der Gr\u00fcnen Woche in Berlin\" data-info-url=\"http:\/\/ct.de\/-2467514\" data-backend-url=\"https:\/\/bierblog.info\/wp-content\/plugins\/shariff-sharing\/backend\/index.php\" data-temp=\"\/tmp\" data-ttl=\"60\" data-service=\"gftr\" data-services='[\"googleplus\",\"facebook\",\"twitter\",\"reddit\",\"info\"]' data-image=\"\" data-url=\"https:\/\/bierblog.info\/?p=7094\" data-lang=\"de\" data-theme=\"colored\" data-orientation=\"horizontal\"><\/div><p>Wenn sich das Genie\u00dferland Baden-W\u00fcrttemberg auf der Internationalen Gr\u00fcnen Woche in Berlin pr\u00e4sentiert, d\u00fcrfen die Spezialit\u00e4ten von Alpirsbacher Klosterbr\u00e4u selbstverst\u00e4ndlich nicht fehlen. Bei der 84. Gr\u00fcnen Woche vom 18. bis 27. Januar 2019 in Berlin wird die Schwarzw\u00e4lder Familienbrauerei die Besucher aus aller Welt am Gemeinschaftsstand des Landes in Halle 5.2b mit ihren Bieren verw\u00f6hnen.\n<\/p>\n<p>Unter dem Motto &#8222;Gl\u00fcck frisch gebraut&#8220; schenken die Alpirsbacher w\u00e4hrend der zehn Messetage auf der neu gestalteten Gartenterrasse am See ihre vielfach preisgekr\u00f6nten Bierspezialit\u00e4ten aus. Die Biere aus der Klosterstadt im Oberen Kinzigtal sind die idealen Begleiter zu den landestypischen Gerichten wie Maultaschen, Linsen mit Sp\u00e4tzle, Sch\u00e4ufele, Schwarzw\u00e4lder Schinken oder Wurstsalat, die dort serviert werden.\n<\/p>\n<p>&#8222;Unser Absatzgebiet erstreckt sich zwar \u00fcberwiegend auf den s\u00fcddeutschen Raum, aber auch in der Hauptstadt gibt es viele Freunde und Konsumenten unserer Biere, weshalb Alpirsbacher auch sonst in Berlin pr\u00e4sent ist. Mit unserem Auftritt auf der Gr\u00fcnen Woche wollen wir nicht nur Feinschmecker vom besonderen Geschmack unserer Spezialit\u00e4ten \u00fcberzeugen, sondern auch neue Genie\u00dfer gewinnen&#8220;, sagt Carl Glauner, der Chef der Alpirsbacher Klosterbrauerei.\n<\/p>\n<p>Markus Schl\u00f6r, Gesch\u00e4ftsf\u00fchrer der Familienbrauerei, nennt noch weitere Gr\u00fcnde f\u00fcr das Engagement w\u00e4hrend der Internationalen Gr\u00fcnen Woche in Berlin. &#8222;Die Heimat von Alpirsbacher Klosterbr\u00e4u liegt mitten im Herzen des Schwarzwalds. Deshalb wird der Name unserer traditionsreichen Brauerei in der \u00d6ffentlichkeit nicht nur mit einem qualitativ hochwertigen Biersortiment verbunden, sondern auch mit gesellschaftlichem Verantwortungsbewusstsein. Wir geh\u00f6ren in diese Region und tun auch gerne etwas f\u00fcr sie&#8220;, betont Markus Schl\u00f6r. Alpirsbacher Klosterbr\u00e4u habe ein offenes Ohr f\u00fcr Traditionspflege und insbesondere f\u00fcr Natur- und Umweltschutz. &#8222;Unser Engagement soll dazu beitragen, Alpirsbach und den Schwarzwald noch lebenswerter und attraktiver zu gestalten.&#8220; Deshalb unterst\u00fctzt die Familienbrauerei u.a. den Naturpark Schwarzwald Mitte\/Nord, die dortigen Naturparkwirte, das Naturschutzgebiet Glaswaldwiesen sowie die Aktion &#8222;Schmeck den S\u00fcden&#8220;.\n<\/p>\n<p>Insofern ist auch der Standort von Alpirsbacher Klosterbr\u00e4u w\u00e4hrend der Gr\u00fcnen Woche ideal: Denn die neue Gartenterrasse mit eigens daf\u00fcr gefertigten Wei\u00dftannenm\u00f6beln des Landesbetriebs Forst Baden-W\u00fcrttemberg sorgt f\u00fcr eine wohltuende Atmosph\u00e4re. <\/p>\n","protected":false},"excerpt":{"rendered":"<p>Wenn sich das Genie\u00dferland Baden-W\u00fcrttemberg auf der Internationalen Gr\u00fcnen Woche in Berlin pr\u00e4sentiert, d\u00fcrfen die Spezialit\u00e4ten von Alpirsbacher Klosterbr\u00e4u selbstverst\u00e4ndlich nicht fehlen. Bei der 84. Gr\u00fcnen Woche vom 18. bis 27. Januar 2019 in Berlin wird die Schwarzw\u00e4lder Familienbrauerei die Besucher aus aller Welt am Gemeinschaftsstand des Landes in Halle 5.2b mit ihren Bieren verw\u00f6hnen. [&hellip;]<\/p>\n","protected":false},"author":1,"featured_media":0,"comment_status":"open","ping_status":"open","sticky":false,"template":"","format":"standard","meta":{"jetpack_post_was_ever_published":false,"_jetpack_newsletter_access":"","_jetpack_dont_email_post_to_subs":false,"_jetpack_newsletter_tier_id":0,"_jetpack_memberships_contains_paywalled_content":false,"_jetpack_memberships_contains_paid_content":false,"footnotes":"","jetpack_publicize_message":"","jetpack_publicize_feature_enabled":true,"jetpack_social_post_already_shared":true,"jetpack_social_options":{"image_generator_settings":{"template":"highway","default_image_id":0,"font":"","enabled":false},"version":2}},"categories":[3],"tags":[],"class_list":["post-7094","post","type-post","status-publish","format-standard","hentry","category-news"],"aioseo_notices":[],"jetpack_publicize_connections":[],"jetpack_featured_media_url":"","jetpack_sharing_enabled":true,"jetpack_shortlink":"https:\/\/wp.me\/patIpt-1Qq","_links":{"self":[{"href":"https:\/\/bierblog.info\/index.php?rest_route=\/wp\/v2\/posts\/7094","targetHints":{"allow":["GET"]}}],"collection":[{"href":"https:\/\/bierblog.info\/index.php?rest_route=\/wp\/v2\/posts"}],"about":[{"href":"https:\/\/bierblog.info\/index.php?rest_route=\/wp\/v2\/types\/post"}],"author":[{"embeddable":true,"href":"https:\/\/bierblog.info\/index.php?rest_route=\/wp\/v2\/users\/1"}],"replies":[{"embeddable":true,"href":"https:\/\/bierblog.info\/index.php?rest_route=%2Fwp%2Fv2%2Fcomments&post=7094"}],"version-history":[{"count":1,"href":"https:\/\/bierblog.info\/index.php?rest_route=\/wp\/v2\/posts\/7094\/revisions"}],"predecessor-version":[{"id":7095,"href":"https:\/\/bierblog.info\/index.php?rest_route=\/wp\/v2\/posts\/7094\/revisions\/7095"}],"wp:attachment":[{"href":"https:\/\/bierblog.info\/index.php?rest_route=%2Fwp%2Fv2%2Fmedia&parent=7094"}],"wp:term":[{"taxonomy":"category","embeddable":true,"href":"https:\/\/bierblog.info\/index.php?rest_route=%2Fwp%2Fv2%2Fcategories&post=7094"},{"taxonomy":"post_tag","embeddable":true,"href":"https:\/\/bierblog.info\/index.php?rest_route=%2Fwp%2Fv2%2Ftags&post=7094"}],"curies":[{"name":"wp","href":"https:\/\/api.w.org\/{rel}","templated":true}]}}