{"id":6614,"date":"2018-09-26T08:40:58","date_gmt":"2018-09-26T06:40:58","guid":{"rendered":"http:\/\/bierblog.info\/?p=6614"},"modified":"2020-05-25T11:37:12","modified_gmt":"2020-05-25T09:37:12","slug":"val-dieu-biere-de-noel","status":"publish","type":"post","link":"https:\/\/bierblog.info\/?p=6614","title":{"rendered":"Val-Dieu Bi\u00e8re de No\u00ebl"},"content":{"rendered":"<div class=\"shariff\" data-title=\"Val-Dieu Bi\u00e8re de No\u00ebl\" data-info-url=\"http:\/\/ct.de\/-2467514\" data-backend-url=\"https:\/\/bierblog.info\/wp-content\/plugins\/shariff-sharing\/backend\/index.php\" data-temp=\"\/tmp\" data-ttl=\"60\" data-service=\"gftr\" data-services='[\"googleplus\",\"facebook\",\"twitter\",\"reddit\",\"info\"]' data-image=\"\" data-url=\"https:\/\/bierblog.info\/?p=6614\" data-lang=\"de\" data-theme=\"colored\" data-orientation=\"horizontal\"><\/div><p><img decoding=\"async\" src=\"http:\/\/bierblog.info\/wp-content\/uploads\/2018\/09\/092618_0640_ValDieuBire1.jpg\" alt=\"\" align=\"left\" \/>Es ist das dritte Septemberdrittel, in den Superm\u00e4rkten t\u00fcrmen sich Pfeffern\u00fcsse, Spekulatius und andere Weihnachtsnaschereien, in der Fu\u00dfg\u00e4ngerzone von Essen h\u00e4ngt die Weihnachtsbeleuchtung und so muss es mich nicht wundern, dass jetzt das erste Weihnachtsbier des Jahres vor mir steht. Es handelt sich um das Bi\u00e8re de No\u00ebl aus Val-Dieu, einer ehemaligen Zisterzienserabtei in Belgien, genauer gesagt aus dem Tal der Berwinne, gelegen an der Grenze zwischen dem Herzogtum Limburg und der Grafschaft Dalhem.<\/p>\n<p>Im Jahr 200 verlie\u00dfen die letzten M\u00f6nche die Abtei und der Orden entschloss sich, die Abtei einer christlichen Laiengemeinschaft anzuvertrauen, die unter Aufsicht der Zisterzienser bis heute die Geschicke des Klosters lenkt.<\/p>\n<p>Im Kloster werden nicht nur das Abteibier, sondern auch diverse K\u00e4sespezialit\u00e4ten sowie Apfelcidre hergestellt. Alle diese Produkte sind von der Handwerkskunst der Zisterzienser inspiriert. So verwundert es auch nur bedingt, dass dieses Bier beim World Beer Award 2018 die Bronzemedaille gewonnen hat.<\/p>\n<p>Hell bernsteinfarben und hefetr\u00fcb pr\u00e4sentiert sich das Bier im Glas. Dar\u00fcber bildet sich leicht \u00fcberdurchschnittlich viel feinporiger Schaum, der aber leider recht schnell in sich zusammenf\u00e4llt.<\/p>\n<p>Der Antrunk ist s\u00fc\u00df, wobei die reichlich vorhandene feinperlige Kohlens\u00e4ure f\u00fcr eine gewisse Frische sorgt. Schnell kommt eine leichte fruchtige S\u00e4ure dazu, w\u00e4hrend ich Bitterstoffe kaum wahrnehmen kann. Trotzdem macht das Bier einen recht runden und s\u00fcffigen Eindruck. Im Abgang verst\u00e4rkt sich die S\u00e4ure und der Geschmack des Alkohols tritt in den Vordergrund. Der Nachklang ist mittellang.<\/p>\n<h3>Zutaten:<\/h3>\n<p>Wasser, Gerstenmalz, Hopfen, Portwein, Hefe<\/p>\n<h3>Alkoholgehalt:<\/h3>\n<p>7,0 % Vol.<\/p>\n<h3>Brauerei:<\/h3>\n<p>Brasserie de l&#8217;abbaye du Val-Dieu<br \/>\nVal-Dieu 225<br \/>\n4880 Aubel<br \/>\nBelgien<br \/>\n<a href=\"https:\/\/www.abbaye-du-val-dieu.be\/de\/\">www.val-dieu.com<\/a><\/p>\n","protected":false},"excerpt":{"rendered":"<p>Es ist das dritte Septemberdrittel, in den Superm\u00e4rkten t\u00fcrmen sich Pfeffern\u00fcsse, Spekulatius und andere Weihnachtsnaschereien, in der Fu\u00dfg\u00e4ngerzone von Essen h\u00e4ngt die Weihnachtsbeleuchtung und so muss es mich nicht wundern, dass jetzt das erste Weihnachtsbier des Jahres vor mir steht. Es handelt sich um das Bi\u00e8re de No\u00ebl aus Val-Dieu, einer ehemaligen Zisterzienserabtei in Belgien, [&hellip;]<\/p>\n","protected":false},"author":1,"featured_media":0,"comment_status":"open","ping_status":"open","sticky":false,"template":"","format":"standard","meta":{"jetpack_post_was_ever_published":false,"_jetpack_newsletter_access":"","_jetpack_dont_email_post_to_subs":false,"_jetpack_newsletter_tier_id":0,"_jetpack_memberships_contains_paywalled_content":false,"_jetpack_memberships_contains_paid_content":false,"footnotes":"","jetpack_publicize_message":"","jetpack_publicize_feature_enabled":true,"jetpack_social_post_already_shared":false,"jetpack_social_options":{"image_generator_settings":{"template":"highway","default_image_id":0,"font":"","enabled":false},"version":2}},"categories":[11],"tags":[5,59],"class_list":["post-6614","post","type-post","status-publish","format-standard","hentry","category-biertest","tag-belgien","tag-saisonbier"],"aioseo_notices":[],"jetpack_publicize_connections":[],"jetpack_featured_media_url":"","jetpack_sharing_enabled":true,"jetpack_shortlink":"https:\/\/wp.me\/patIpt-1IG","_links":{"self":[{"href":"https:\/\/bierblog.info\/index.php?rest_route=\/wp\/v2\/posts\/6614","targetHints":{"allow":["GET"]}}],"collection":[{"href":"https:\/\/bierblog.info\/index.php?rest_route=\/wp\/v2\/posts"}],"about":[{"href":"https:\/\/bierblog.info\/index.php?rest_route=\/wp\/v2\/types\/post"}],"author":[{"embeddable":true,"href":"https:\/\/bierblog.info\/index.php?rest_route=\/wp\/v2\/users\/1"}],"replies":[{"embeddable":true,"href":"https:\/\/bierblog.info\/index.php?rest_route=%2Fwp%2Fv2%2Fcomments&post=6614"}],"version-history":[{"count":3,"href":"https:\/\/bierblog.info\/index.php?rest_route=\/wp\/v2\/posts\/6614\/revisions"}],"predecessor-version":[{"id":9516,"href":"https:\/\/bierblog.info\/index.php?rest_route=\/wp\/v2\/posts\/6614\/revisions\/9516"}],"wp:attachment":[{"href":"https:\/\/bierblog.info\/index.php?rest_route=%2Fwp%2Fv2%2Fmedia&parent=6614"}],"wp:term":[{"taxonomy":"category","embeddable":true,"href":"https:\/\/bierblog.info\/index.php?rest_route=%2Fwp%2Fv2%2Fcategories&post=6614"},{"taxonomy":"post_tag","embeddable":true,"href":"https:\/\/bierblog.info\/index.php?rest_route=%2Fwp%2Fv2%2Ftags&post=6614"}],"curies":[{"name":"wp","href":"https:\/\/api.w.org\/{rel}","templated":true}]}}