{"id":6192,"date":"2018-07-10T10:18:07","date_gmt":"2018-07-10T08:18:07","guid":{"rendered":"http:\/\/bierblog.info\/?p=6192"},"modified":"2018-07-10T10:18:07","modified_gmt":"2018-07-10T08:18:07","slug":"12-15-7-2018-il-festival-della-birra-artigianale-del-lago","status":"publish","type":"post","link":"https:\/\/bierblog.info\/?p=6192","title":{"rendered":"12. \u2013 15. 7. 2018: Il Festival della Birra Artigianale del lago"},"content":{"rendered":"<div class=\"shariff\" data-title=\"12. \u2013 15. 7. 2018: Il Festival della Birra Artigianale del lago\" data-info-url=\"http:\/\/ct.de\/-2467514\" data-backend-url=\"https:\/\/bierblog.info\/wp-content\/plugins\/shariff-sharing\/backend\/index.php\" data-temp=\"\/tmp\" data-ttl=\"60\" data-service=\"gftr\" data-services='[\"googleplus\",\"facebook\",\"twitter\",\"reddit\",\"info\"]' data-image=\"\" data-url=\"https:\/\/bierblog.info\/?p=6192\" data-lang=\"de\" data-theme=\"colored\" data-orientation=\"horizontal\"><\/div><p>Das Fest des handwerklichen Bieres kehrt zum Comer See zur\u00fcck. Vierzig Brauereien aus Italien und dem Ausland, die von Il Birrivico unter vielen Interessenten ausgew\u00e4hlt wurden, werden vier Tage lang die Hauptdarsteller im fabelhaften &#8222;Giardini a Lago&#8220; in Viale Corridoni sein. Dar\u00fcber hinaus werden viele ausgezeichnete K\u00fcnstler die Besucher mit Live-Musik auf zwei B\u00fchnen unterhalten, sowie einige der besten K\u00fcnstler der nationalen und lokalen Jonglierszene&#8230;. all dies ist Como Always Hop, ein historisches Festival, das jetzt in einem wundersch\u00f6nen Rahmen, unserem Seeufer von Como, stattfindet. Es wird gutes Essen geben, von Burgern bis hin zu gemischten frittierten Speisen, einheimische K\u00fcche sowie einige ethnische Spezialit\u00e4ten. Eine Veranstaltung f\u00fcr Erwachsene und Kinder, bei der Ihnen gro\u00dfe Gr\u00fcnfl\u00e4chen und Ruhezonen zur Verf\u00fcgung stehen, in denen Sie in aller Ruhe sitzen, spielen und die Live-Musik genie\u00dfen k\u00f6nnen. Hunde d\u00fcrfen ebenfalls auf das Gel\u00e4nde, allerdings nur an der Leine.\n<\/p>\n<p>Ort: Viale Filippo Corridoni, 22100 Como CO, Italia\n<\/p>\n<p>Auf Facebook haben die Veranstalter noch viele zus\u00e4tzliche <a href=\"https:\/\/www.facebook.com\/events\/2033354556678119\/\">Informationen<\/a> ver\u00f6ffentlicht. Da ich kein Italienisch spreche m\u00fcssen Sie dort aber selbst nachsehen: https:\/\/www.facebook.com\/events\/2033354556678119\/ <\/p>\n","protected":false},"excerpt":{"rendered":"<p>Das Fest des handwerklichen Bieres kehrt zum Comer See zur\u00fcck. Vierzig Brauereien aus Italien und dem Ausland, die von Il Birrivico unter vielen Interessenten ausgew\u00e4hlt wurden, werden vier Tage lang die Hauptdarsteller im fabelhaften &#8222;Giardini a Lago&#8220; in Viale Corridoni sein. Dar\u00fcber hinaus werden viele ausgezeichnete K\u00fcnstler die Besucher mit Live-Musik auf zwei B\u00fchnen unterhalten, [&hellip;]<\/p>\n","protected":false},"author":1,"featured_media":0,"comment_status":"open","ping_status":"open","sticky":false,"template":"","format":"standard","meta":{"jetpack_post_was_ever_published":false,"_jetpack_newsletter_access":"","_jetpack_dont_email_post_to_subs":false,"_jetpack_newsletter_tier_id":0,"_jetpack_memberships_contains_paywalled_content":false,"_jetpack_memberships_contains_paid_content":false,"footnotes":"","jetpack_publicize_message":"","jetpack_publicize_feature_enabled":true,"jetpack_social_post_already_shared":false,"jetpack_social_options":{"image_generator_settings":{"template":"highway","default_image_id":0,"font":"","enabled":false},"version":2}},"categories":[48],"tags":[],"class_list":["post-6192","post","type-post","status-publish","format-standard","hentry","category-bierfeste"],"aioseo_notices":[],"jetpack_publicize_connections":[],"jetpack_featured_media_url":"","jetpack_sharing_enabled":true,"jetpack_shortlink":"https:\/\/wp.me\/patIpt-1BS","_links":{"self":[{"href":"https:\/\/bierblog.info\/index.php?rest_route=\/wp\/v2\/posts\/6192","targetHints":{"allow":["GET"]}}],"collection":[{"href":"https:\/\/bierblog.info\/index.php?rest_route=\/wp\/v2\/posts"}],"about":[{"href":"https:\/\/bierblog.info\/index.php?rest_route=\/wp\/v2\/types\/post"}],"author":[{"embeddable":true,"href":"https:\/\/bierblog.info\/index.php?rest_route=\/wp\/v2\/users\/1"}],"replies":[{"embeddable":true,"href":"https:\/\/bierblog.info\/index.php?rest_route=%2Fwp%2Fv2%2Fcomments&post=6192"}],"version-history":[{"count":1,"href":"https:\/\/bierblog.info\/index.php?rest_route=\/wp\/v2\/posts\/6192\/revisions"}],"predecessor-version":[{"id":6193,"href":"https:\/\/bierblog.info\/index.php?rest_route=\/wp\/v2\/posts\/6192\/revisions\/6193"}],"wp:attachment":[{"href":"https:\/\/bierblog.info\/index.php?rest_route=%2Fwp%2Fv2%2Fmedia&parent=6192"}],"wp:term":[{"taxonomy":"category","embeddable":true,"href":"https:\/\/bierblog.info\/index.php?rest_route=%2Fwp%2Fv2%2Fcategories&post=6192"},{"taxonomy":"post_tag","embeddable":true,"href":"https:\/\/bierblog.info\/index.php?rest_route=%2Fwp%2Fv2%2Ftags&post=6192"}],"curies":[{"name":"wp","href":"https:\/\/api.w.org\/{rel}","templated":true}]}}