{"id":6106,"date":"2018-06-29T08:55:29","date_gmt":"2018-06-29T06:55:29","guid":{"rendered":"http:\/\/bierblog.info\/?p=6106"},"modified":"2019-09-09T12:17:41","modified_gmt":"2019-09-09T10:17:41","slug":"vulkan-porter","status":"publish","type":"post","link":"https:\/\/bierblog.info\/?p=6106","title":{"rendered":"Vulkan Porter"},"content":{"rendered":"<div class=\"shariff\" data-title=\"Vulkan Porter\" data-info-url=\"http:\/\/ct.de\/-2467514\" data-backend-url=\"https:\/\/bierblog.info\/wp-content\/plugins\/shariff-sharing\/backend\/index.php\" data-temp=\"\/tmp\" data-ttl=\"60\" data-service=\"gftr\" data-services='[\"googleplus\",\"facebook\",\"twitter\",\"reddit\",\"info\"]' data-image=\"\" data-url=\"https:\/\/bierblog.info\/?p=6106\" data-lang=\"de\" data-theme=\"colored\" data-orientation=\"horizontal\"><\/div><p><img decoding=\"async\" src=\"http:\/\/bierblog.info\/wp-content\/uploads\/2018\/06\/062918_0856_VulkanPorte1.png\" alt=\"\" align=\"left\" \/>Mendig, in der Eifel gelegen, ist seit langem als Bierbrauerstadt bekannt. Das liegt an der durch fr\u00fchere vulkanische Aktivit\u00e4t, durch die viele nat\u00fcrliche Felsenkeller entstanden sind, in denen die Temperatur konstant bei 5\u00b0 \u2013 8\u00b0 Celsius liegt. Deshalb gab es in Mendig zeitweise 28 Brauereien, die bis auf eine letzte geschlossen wurden. Auch diese letzte Brauerei stand vor der Schlie\u00dfung, wurde aber durch die Br\u00fcder Malte und Hannes Tack gerettet. So entstand im Jahr 2011 die Vulkan Brauerei, aus der das Porter stammt, das jetzt vor mir steht und auf die Verkostung wartet. Von diesem Bier erwarte ich einiges, hat es doch 2016 und 2017 beim Meininger International Craft Beer Award Gold gewonnen.<\/p>\n<p>Praktisch blickdicht schwarz ist dieses Bier mit einer durchschnittlichen Menge cremigem hellbraunem Schaum, der lange erhalten bleibt. Das gef\u00e4llt mir schon mal.<\/p>\n<p>Intensiver Duft nach dunkler Schokolade und Kaffee steigt mir in die Nase. Bei dieser Farbe h\u00e4tte ich auch nichts anderes erwartet.<\/p>\n<p>Der Antrunk ist recht s\u00fc\u00df und die sehr feinperlige Kohlens\u00e4ure ist relativ knapp dosiert. Hier w\u00fcrde ich mir mehr w\u00fcnschen. Auf der Zunge entwickelt sich der Geschmack dunkler Schokolade. Fruchtige Noten fehlen vollst\u00e4ndig, sondern der Geschmack dieses Bieres konzentriert sich vollst\u00e4ndig auf Kaffee und Schokolade. Das Mundgef\u00fchl ist weich und cremig. Beeindruckend ist auch die Ausgewogenheit des Geschmacks. Auch im Abgang dominiert der Geschmack dunkler Schokolade, der lange nachklingt.<\/p>\n<h3>Zutaten:<\/h3>\n<p>Brauwasser, Gerstenmalz (Caramelmalz Hell, Pilsner Malz, Pale Ale, M\u00fcnchner), Hopfen (Herkules, Tradition), Hefe<\/p>\n<h3>Alkoholgehalt:<\/h3>\n<p>6,0 % Vol.<\/p>\n<h3>Stammw\u00fcrze:<\/h3>\n<p>15\u00b0 Plato<\/p>\n<h3>Bittereinheiten:<\/h3>\n<p>34 IBU<\/p>\n<h3>Brauerei:<\/h3>\n<p><span style=\"color: #222222; background-color: whitesmoke;\">Vulkan Brauerei GmbH &amp; Co. KG<br \/>\nLaacher-See-Stra\u00dfe 2<br \/>\n56743 Mendig<br \/>\n<a href=\"http:\/\/www.vulkan-brauerei.de\">www.vulkan-brauerei.de<\/a><br \/>\n<\/span><\/p>\n<p><span style=\"color: #444444;\"><a href=\"https:\/\/www.bier-deluxe.de\/?sPartner=bierblog\/\"><img decoding=\"async\" src=\"http:\/\/bierblog.info\/wp-content\/uploads\/2018\/05\/051018_0930_VulkanIPA2.png\" alt=\"\" border=\"0\" \/><\/a><span style=\"font-family: Helvetica; font-size: 10pt;\"><br \/>\n<\/span><\/span><\/p>\n","protected":false},"excerpt":{"rendered":"<p>Mendig, in der Eifel gelegen, ist seit langem als Bierbrauerstadt bekannt. Das liegt an der durch fr\u00fchere vulkanische Aktivit\u00e4t, durch die viele nat\u00fcrliche Felsenkeller entstanden sind, in denen die Temperatur konstant bei 5\u00b0 \u2013 8\u00b0 Celsius liegt. Deshalb gab es in Mendig zeitweise 28 Brauereien, die bis auf eine letzte geschlossen wurden. Auch diese letzte [&hellip;]<\/p>\n","protected":false},"author":1,"featured_media":0,"comment_status":"open","ping_status":"open","sticky":false,"template":"","format":"standard","meta":{"jetpack_post_was_ever_published":false,"_jetpack_newsletter_access":"","_jetpack_dont_email_post_to_subs":false,"_jetpack_newsletter_tier_id":0,"_jetpack_memberships_contains_paywalled_content":false,"_jetpack_memberships_contains_paid_content":false,"footnotes":"","jetpack_publicize_message":"","jetpack_publicize_feature_enabled":true,"jetpack_social_post_already_shared":false,"jetpack_social_options":{"image_generator_settings":{"template":"highway","default_image_id":0,"font":"","enabled":false},"version":2}},"categories":[11,40],"tags":[10,63,89],"class_list":["post-6106","post","type-post","status-publish","format-standard","hentry","category-biertest","category-craft-bier","tag-deutschland","tag-porter","tag-rheinland-pfalz"],"aioseo_notices":[],"jetpack_publicize_connections":[],"jetpack_featured_media_url":"","jetpack_sharing_enabled":true,"jetpack_shortlink":"https:\/\/wp.me\/patIpt-1Au","_links":{"self":[{"href":"https:\/\/bierblog.info\/index.php?rest_route=\/wp\/v2\/posts\/6106","targetHints":{"allow":["GET"]}}],"collection":[{"href":"https:\/\/bierblog.info\/index.php?rest_route=\/wp\/v2\/posts"}],"about":[{"href":"https:\/\/bierblog.info\/index.php?rest_route=\/wp\/v2\/types\/post"}],"author":[{"embeddable":true,"href":"https:\/\/bierblog.info\/index.php?rest_route=\/wp\/v2\/users\/1"}],"replies":[{"embeddable":true,"href":"https:\/\/bierblog.info\/index.php?rest_route=%2Fwp%2Fv2%2Fcomments&post=6106"}],"version-history":[{"count":7,"href":"https:\/\/bierblog.info\/index.php?rest_route=\/wp\/v2\/posts\/6106\/revisions"}],"predecessor-version":[{"id":8256,"href":"https:\/\/bierblog.info\/index.php?rest_route=\/wp\/v2\/posts\/6106\/revisions\/8256"}],"wp:attachment":[{"href":"https:\/\/bierblog.info\/index.php?rest_route=%2Fwp%2Fv2%2Fmedia&parent=6106"}],"wp:term":[{"taxonomy":"category","embeddable":true,"href":"https:\/\/bierblog.info\/index.php?rest_route=%2Fwp%2Fv2%2Fcategories&post=6106"},{"taxonomy":"post_tag","embeddable":true,"href":"https:\/\/bierblog.info\/index.php?rest_route=%2Fwp%2Fv2%2Ftags&post=6106"}],"curies":[{"name":"wp","href":"https:\/\/api.w.org\/{rel}","templated":true}]}}