{"id":5808,"date":"2018-05-22T11:01:39","date_gmt":"2018-05-22T09:01:39","guid":{"rendered":"http:\/\/bierblog.info\/?p=5808"},"modified":"2018-08-24T11:55:32","modified_gmt":"2018-08-24T09:55:32","slug":"6-2-6-2018-brauereifest-kulturbrauerei-berlin","status":"publish","type":"post","link":"https:\/\/bierblog.info\/?p=5808","title":{"rendered":"6. \u2013 2. 6. 2018: Brauereifest Kulturbrauerei Berlin"},"content":{"rendered":"<div class=\"shariff\" data-title=\"6. \u2013 2. 6. 2018: Brauereifest Kulturbrauerei Berlin\" data-info-url=\"http:\/\/ct.de\/-2467514\" data-backend-url=\"https:\/\/bierblog.info\/wp-content\/plugins\/shariff-sharing\/backend\/index.php\" data-temp=\"\/tmp\" data-ttl=\"60\" data-service=\"gftr\" data-services='[\"googleplus\",\"facebook\",\"twitter\",\"reddit\",\"info\"]' data-image=\"\" data-url=\"https:\/\/bierblog.info\/?p=5808\" data-lang=\"de\" data-theme=\"colored\" data-orientation=\"horizontal\"><\/div><p><img decoding=\"async\" src=\"http:\/\/bierblog.info\/wp-content\/uploads\/2018\/05\/052218_0901_62620181.png\" alt=\"\" align=\"left\" \/>In den H\u00f6fen der alten Schultheiss Brauerei im Prenzlauer Berg fand im Mai 2016 zum ersten Mal drei Tage lang das Brauereifest statt, damals noch mit vielen Food Trucks. In diesem Jahr werden bei der f\u00fcnften Auflage etwa 30 Kreativbrauer und Brauerinnen aus Berlin und Umgebung sowie aus dem Ausland ihre Kreationen vorstellen, umgeben von nur f\u00fcnf ausgew\u00e4hlten Street Food St\u00e4nden. Das Ganze findet bei freiem Eintritt statt, nat\u00fcrlich mit verschiedenen Tastings im Frannz Club und untermalt mit Live Musik.<\/p>\n<p>In die historischen Gem\u00e4uer der ehemaligen Schultheiss Brauerei kehrt also vom 01. und 02. Juni das Brauen zur\u00fcck \u2013 mit ausgew\u00e4hlten Craft Beer Spezialit\u00e4ten aus dem Berliner Raum aber auch Brauern aus ganz Deutschland. Der Eintritt ist frei.<\/p>\n","protected":false},"excerpt":{"rendered":"<p>In den H\u00f6fen der alten Schultheiss Brauerei im Prenzlauer Berg fand im Mai 2016 zum ersten Mal drei Tage lang das Brauereifest statt, damals noch mit vielen Food Trucks. In diesem Jahr werden bei der f\u00fcnften Auflage etwa 30 Kreativbrauer und Brauerinnen aus Berlin und Umgebung sowie aus dem Ausland ihre Kreationen vorstellen, umgeben von [&hellip;]<\/p>\n","protected":false},"author":1,"featured_media":0,"comment_status":"open","ping_status":"open","sticky":false,"template":"","format":"standard","meta":{"jetpack_post_was_ever_published":false,"_jetpack_newsletter_access":"","_jetpack_dont_email_post_to_subs":false,"_jetpack_newsletter_tier_id":0,"_jetpack_memberships_contains_paywalled_content":false,"_jetpack_memberships_contains_paid_content":false,"footnotes":"","jetpack_publicize_message":"","jetpack_publicize_feature_enabled":true,"jetpack_social_post_already_shared":false,"jetpack_social_options":{"image_generator_settings":{"template":"highway","default_image_id":0,"font":"","enabled":false},"version":2}},"categories":[48],"tags":[],"class_list":["post-5808","post","type-post","status-publish","format-standard","hentry","category-bierfeste"],"aioseo_notices":[],"jetpack_publicize_connections":[],"jetpack_featured_media_url":"","jetpack_sharing_enabled":true,"jetpack_shortlink":"https:\/\/wp.me\/patIpt-1vG","_links":{"self":[{"href":"https:\/\/bierblog.info\/index.php?rest_route=\/wp\/v2\/posts\/5808","targetHints":{"allow":["GET"]}}],"collection":[{"href":"https:\/\/bierblog.info\/index.php?rest_route=\/wp\/v2\/posts"}],"about":[{"href":"https:\/\/bierblog.info\/index.php?rest_route=\/wp\/v2\/types\/post"}],"author":[{"embeddable":true,"href":"https:\/\/bierblog.info\/index.php?rest_route=\/wp\/v2\/users\/1"}],"replies":[{"embeddable":true,"href":"https:\/\/bierblog.info\/index.php?rest_route=%2Fwp%2Fv2%2Fcomments&post=5808"}],"version-history":[{"count":2,"href":"https:\/\/bierblog.info\/index.php?rest_route=\/wp\/v2\/posts\/5808\/revisions"}],"predecessor-version":[{"id":6495,"href":"https:\/\/bierblog.info\/index.php?rest_route=\/wp\/v2\/posts\/5808\/revisions\/6495"}],"wp:attachment":[{"href":"https:\/\/bierblog.info\/index.php?rest_route=%2Fwp%2Fv2%2Fmedia&parent=5808"}],"wp:term":[{"taxonomy":"category","embeddable":true,"href":"https:\/\/bierblog.info\/index.php?rest_route=%2Fwp%2Fv2%2Fcategories&post=5808"},{"taxonomy":"post_tag","embeddable":true,"href":"https:\/\/bierblog.info\/index.php?rest_route=%2Fwp%2Fv2%2Ftags&post=5808"}],"curies":[{"name":"wp","href":"https:\/\/api.w.org\/{rel}","templated":true}]}}