{"id":5795,"date":"2018-05-18T11:36:29","date_gmt":"2018-05-18T09:36:29","guid":{"rendered":"http:\/\/bierblog.info\/?p=5795"},"modified":"2018-08-24T11:55:57","modified_gmt":"2018-08-24T09:55:57","slug":"mikkro-beer-fest-krsko-2018","status":"publish","type":"post","link":"https:\/\/bierblog.info\/?p=5795","title":{"rendered":"26. 5. 2018: Mi(KK)ro Beer Fest Kr\u0161ko 2018"},"content":{"rendered":"<div class=\"shariff\" data-title=\"26. 5. 2018: Mi(KK)ro Beer Fest Kr\u0161ko 2018\" data-info-url=\"http:\/\/ct.de\/-2467514\" data-backend-url=\"https:\/\/bierblog.info\/wp-content\/plugins\/shariff-sharing\/backend\/index.php\" data-temp=\"\/tmp\" data-ttl=\"60\" data-service=\"gftr\" data-services='[\"googleplus\",\"facebook\",\"twitter\",\"reddit\",\"info\"]' data-image=\"\" data-url=\"https:\/\/bierblog.info\/?p=5795\" data-lang=\"de\" data-theme=\"colored\" data-orientation=\"horizontal\"><\/div><p><img decoding=\"async\" src=\"http:\/\/bierblog.info\/wp-content\/uploads\/2018\/05\/051818_0936_2652018Mi1.png\" alt=\"\" align=\"left\" \/>Im malerischen St\u00e4dtchen Krsko in der ntersteiermark\/Slowenien gibt es nicht nur ein Atomkraftwerk, sondern auch ein feines Festival f\u00fcr Kleinbrauereien. Veranstaltet wird die Sause vom Craftbierladen Pivarna in Maribor, die auch hinter dem MakroBeerFestival in Maribor stehen. Liebhaber der dortigen Biere sind eingeladen, das zweite Bier Festival in Kr\u0161ko-Mi (KK) zu feiern. Unterst\u00fctzt wird das Festival von der Gemeinde Kr\u0161ko, dem Zentrum f\u00fcr Unternehmertum und Tourismus und Pivarna (einem Unternehmen f\u00fcr den Import und Verkauf von Hopfen).<\/p>\n","protected":false},"excerpt":{"rendered":"<p>Im malerischen St\u00e4dtchen Krsko in der ntersteiermark\/Slowenien gibt es nicht nur ein Atomkraftwerk, sondern auch ein feines Festival f\u00fcr Kleinbrauereien. Veranstaltet wird die Sause vom Craftbierladen Pivarna in Maribor, die auch hinter dem MakroBeerFestival in Maribor stehen. Liebhaber der dortigen Biere sind eingeladen, das zweite Bier Festival in Kr\u0161ko-Mi (KK) zu feiern. Unterst\u00fctzt wird das [&hellip;]<\/p>\n","protected":false},"author":1,"featured_media":0,"comment_status":"open","ping_status":"open","sticky":false,"template":"","format":"standard","meta":{"jetpack_post_was_ever_published":false,"_jetpack_newsletter_access":"","_jetpack_dont_email_post_to_subs":false,"_jetpack_newsletter_tier_id":0,"_jetpack_memberships_contains_paywalled_content":false,"_jetpack_memberships_contains_paid_content":false,"footnotes":"","jetpack_publicize_message":"","jetpack_publicize_feature_enabled":true,"jetpack_social_post_already_shared":false,"jetpack_social_options":{"image_generator_settings":{"template":"highway","default_image_id":0,"font":"","enabled":false},"version":2}},"categories":[48],"tags":[],"class_list":["post-5795","post","type-post","status-publish","format-standard","hentry","category-bierfeste"],"aioseo_notices":[],"jetpack_publicize_connections":[],"jetpack_featured_media_url":"","jetpack_sharing_enabled":true,"jetpack_shortlink":"https:\/\/wp.me\/patIpt-1vt","_links":{"self":[{"href":"https:\/\/bierblog.info\/index.php?rest_route=\/wp\/v2\/posts\/5795","targetHints":{"allow":["GET"]}}],"collection":[{"href":"https:\/\/bierblog.info\/index.php?rest_route=\/wp\/v2\/posts"}],"about":[{"href":"https:\/\/bierblog.info\/index.php?rest_route=\/wp\/v2\/types\/post"}],"author":[{"embeddable":true,"href":"https:\/\/bierblog.info\/index.php?rest_route=\/wp\/v2\/users\/1"}],"replies":[{"embeddable":true,"href":"https:\/\/bierblog.info\/index.php?rest_route=%2Fwp%2Fv2%2Fcomments&post=5795"}],"version-history":[{"count":3,"href":"https:\/\/bierblog.info\/index.php?rest_route=\/wp\/v2\/posts\/5795\/revisions"}],"predecessor-version":[{"id":6496,"href":"https:\/\/bierblog.info\/index.php?rest_route=\/wp\/v2\/posts\/5795\/revisions\/6496"}],"wp:attachment":[{"href":"https:\/\/bierblog.info\/index.php?rest_route=%2Fwp%2Fv2%2Fmedia&parent=5795"}],"wp:term":[{"taxonomy":"category","embeddable":true,"href":"https:\/\/bierblog.info\/index.php?rest_route=%2Fwp%2Fv2%2Fcategories&post=5795"},{"taxonomy":"post_tag","embeddable":true,"href":"https:\/\/bierblog.info\/index.php?rest_route=%2Fwp%2Fv2%2Ftags&post=5795"}],"curies":[{"name":"wp","href":"https:\/\/api.w.org\/{rel}","templated":true}]}}