{"id":5679,"date":"2018-04-24T20:04:41","date_gmt":"2018-04-24T19:04:41","guid":{"rendered":"http:\/\/bierblog.info\/?p=5679"},"modified":"2018-04-24T20:20:00","modified_gmt":"2018-04-24T19:20:00","slug":"1-5-2018-bierakademie-in-der-trinkhalle-bochum","status":"publish","type":"post","link":"https:\/\/bierblog.info\/?p=5679","title":{"rendered":"1. 5. 2018: Bierakademie in der Trinkhalle Bochum"},"content":{"rendered":"<div class=\"shariff\" data-title=\"1. 5. 2018: Bierakademie in der Trinkhalle Bochum\" data-info-url=\"http:\/\/ct.de\/-2467514\" data-backend-url=\"https:\/\/bierblog.info\/wp-content\/plugins\/shariff-sharing\/backend\/index.php\" data-temp=\"\/tmp\" data-ttl=\"60\" data-service=\"gftr\" data-services='[\"googleplus\",\"facebook\",\"twitter\",\"reddit\",\"info\"]' data-image=\"\" data-url=\"https:\/\/bierblog.info\/?p=5679\" data-lang=\"de\" data-theme=\"colored\" data-orientation=\"horizontal\"><\/div><p style=\"background: white\"><span style=\"color:#222222; font-family:Arial; font-size:9pt\">Am kommenden Dienstag ist ein Feiertag, was Thomas aber nicht davon abh\u00e4lt, ab 19.00 Uhr zur Bierakademie in seine Trinkhalle einzuladen. Und wenn die Bierakademie ausgerechnet am Tag der Arbeit stattfindet, soll zumindest ein besonderer Brauer zu Gast sein. Diesmal ist es Thomas von der Wiener Craft-Brauerei Brew Age. Die Brauerei wurde allein im letzten Jahr sechsmal f\u00fcr ihre Biere ausgezeichnet, insgesamt sogar 38 mal. Das ist f\u00fcr eine erst 2013 gegr\u00fcndete Brauerei eine reife Leistung. Der Gastgeber des Abends beschreibt seinen Namensvetter wie folgt: &#8222;Vor drei Jahren haben wir die sympathischen Jungs von Brew Age kennengelernt. Sie waren zu Besuch auf der Spirits and Beer in der Jahrhunderthalle. Nach einigen lustigen Abenden in der Trinkhalle konnten wir Ihre Reste von der Messe \u00fcbernehmen. Seitdem gibt es die leckeren Biere dieser Brauerei immer mal wieder in der Trinkhalle.&#8220; (Zitat aus der Einladungsmail zu diesem Event).<br \/>\n<\/span><\/p>\n<p style=\"background: white\"><span style=\"color:#222222; font-family:Arial; font-size:9pt\">Am Dienstag werden hopfenbetonte Biere (Pale Ale, IPA, Black IPA und New England IPA) im Vordergrund stehen. Wir k\u00f6nnen uns also auf einen informativen und genussreichen Abend freuen.<br \/>\n<\/span><\/p>\n<p style=\"background: white\"><span style=\"color:#222222; font-family:Arial; font-size:9pt\">Die Veranstaltung findet statt in der Trinkhalle, Herner Str. 8, 44787 Bochum<br \/>\n<\/span><\/p>\n","protected":false},"excerpt":{"rendered":"<p>Am kommenden Dienstag ist ein Feiertag, was Thomas aber nicht davon abh\u00e4lt, ab 19.00 Uhr zur Bierakademie in seine Trinkhalle einzuladen. Und wenn die Bierakademie ausgerechnet am Tag der Arbeit stattfindet, soll zumindest ein besonderer Brauer zu Gast sein. Diesmal ist es Thomas von der Wiener Craft-Brauerei Brew Age. Die Brauerei wurde allein im letzten [&hellip;]<\/p>\n","protected":false},"author":1,"featured_media":0,"comment_status":"open","ping_status":"open","sticky":false,"template":"","format":"standard","meta":{"_jetpack_newsletter_access":"","_jetpack_dont_email_post_to_subs":false,"_jetpack_newsletter_tier_id":0,"_jetpack_memberships_contains_paywalled_content":false,"_jetpack_feature_clip_id":0,"_jetpack_memberships_contains_paid_content":false,"footnotes":"","jetpack_publicize_message":"","jetpack_publicize_feature_enabled":true,"jetpack_social_post_already_shared":false,"jetpack_social_options":{"image_generator_settings":{"template":"highway","default_image_id":0,"font":"","enabled":false},"version":2},"jetpack_post_was_ever_published":false},"categories":[48],"tags":[],"class_list":["post-5679","post","type-post","status-publish","format-standard","hentry","category-bierfeste"],"aioseo_notices":[],"aioseo_head":"\n\t\t<!-- All in One SEO 5.0.1.1 - aioseo.com -->\n\t<meta name=\"description\" content=\"Am kommenden Dienstag ist ein Feiertag, was Thomas aber nicht davon abh\u00e4lt, ab 19.00 Uhr zur Bierakademie in seine Trinkhalle einzuladen. Und wenn die Bierakademie ausgerechnet am Tag der Arbeit stattfindet, soll zumindest ein besonderer Brauer zu Gast sein. Diesmal ist es Thomas von der Wiener Craft-Brauerei Brew Age. Die Brauerei wurde allein im letzten\" \/>\n\t<meta name=\"robots\" content=\"max-image-preview:large\" \/>\n\t<meta name=\"author\" content=\"Maddes\"\/>\n\t<link rel=\"canonical\" href=\"https:\/\/bierblog.info\/?p=5679\" \/>\n\t<meta name=\"generator\" content=\"All in One SEO (AIOSEO) 5.0.1.1\" \/>\n\t\t<meta property=\"og:locale\" content=\"de_DE\" \/>\n\t\t<meta property=\"og:site_name\" content=\"Der Bierblog | Der Blog zur Bierkultur\" \/>\n\t\t<meta property=\"og:type\" content=\"article\" \/>\n\t\t<meta property=\"og:title\" content=\"1. 5. 2018: Bierakademie in der Trinkhalle Bochum | Der Bierblog\" \/>\n\t\t<meta property=\"og:description\" content=\"Am kommenden Dienstag ist ein Feiertag, was Thomas aber nicht davon abh\u00e4lt, ab 19.00 Uhr zur Bierakademie in seine Trinkhalle einzuladen. Und wenn die Bierakademie ausgerechnet am Tag der Arbeit stattfindet, soll zumindest ein besonderer Brauer zu Gast sein. Diesmal ist es Thomas von der Wiener Craft-Brauerei Brew Age. Die Brauerei wurde allein im letzten\" \/>\n\t\t<meta property=\"og:url\" content=\"https:\/\/bierblog.info\/?p=5679\" \/>\n\t\t<meta property=\"article:published_time\" content=\"2018-04-24T19:04:41+00:00\" \/>\n\t\t<meta property=\"article:modified_time\" content=\"2018-04-24T19:20:00+00:00\" \/>\n\t\t<meta name=\"twitter:card\" content=\"summary\" \/>\n\t\t<meta name=\"twitter:title\" content=\"1. 5. 2018: Bierakademie in der Trinkhalle Bochum | Der Bierblog\" \/>\n\t\t<meta name=\"twitter:description\" content=\"Am kommenden Dienstag ist ein Feiertag, was Thomas aber nicht davon abh\u00e4lt, ab 19.00 Uhr zur Bierakademie in seine Trinkhalle einzuladen. Und wenn die Bierakademie ausgerechnet am Tag der Arbeit stattfindet, soll zumindest ein besonderer Brauer zu Gast sein. Diesmal ist es Thomas von der Wiener Craft-Brauerei Brew Age. Die Brauerei wurde allein im letzten\" \/>\n\t\t<script type=\"application\/ld+json\" class=\"aioseo-schema\">\n\t\t\t{\"@context\":\"https:\\\/\\\/schema.org\",\"@graph\":[{\"@type\":\"Article\",\"@id\":\"https:\\\/\\\/bierblog.info\\\/?p=5679#article\",\"name\":\"1. 5. 2018: Bierakademie in der Trinkhalle Bochum | Der Bierblog\",\"headline\":\"1. 5. 2018: Bierakademie in der Trinkhalle Bochum\",\"author\":{\"@id\":\"https:\\\/\\\/bierblog.info\\\/?author=1#author\"},\"publisher\":{\"@id\":\"https:\\\/\\\/bierblog.info\\\/#organization\"},\"datePublished\":\"2018-04-24T20:04:41+02:00\",\"dateModified\":\"2018-04-24T20:20:00+02:00\",\"inLanguage\":\"de-DE\",\"mainEntityOfPage\":{\"@id\":\"https:\\\/\\\/bierblog.info\\\/?p=5679#webpage\"},\"isPartOf\":{\"@id\":\"https:\\\/\\\/bierblog.info\\\/?p=5679#webpage\"},\"articleSection\":\"Bierfeste\"},{\"@type\":\"BreadcrumbList\",\"@id\":\"https:\\\/\\\/bierblog.info\\\/?p=5679#breadcrumblist\",\"itemListElement\":[{\"@type\":\"ListItem\",\"@id\":\"https:\\\/\\\/bierblog.info#listItem\",\"position\":1,\"name\":\"Home\",\"item\":\"https:\\\/\\\/bierblog.info\",\"nextItem\":{\"@type\":\"ListItem\",\"@id\":\"https:\\\/\\\/bierblog.info\\\/?cat=48#listItem\",\"name\":\"Bierfeste\"}},{\"@type\":\"ListItem\",\"@id\":\"https:\\\/\\\/bierblog.info\\\/?cat=48#listItem\",\"position\":2,\"name\":\"Bierfeste\",\"item\":\"https:\\\/\\\/bierblog.info\\\/?cat=48\",\"nextItem\":{\"@type\":\"ListItem\",\"@id\":\"https:\\\/\\\/bierblog.info\\\/?p=5679#listItem\",\"name\":\"1. 5. 2018: Bierakademie in der Trinkhalle Bochum\"},\"previousItem\":{\"@type\":\"ListItem\",\"@id\":\"https:\\\/\\\/bierblog.info#listItem\",\"name\":\"Home\"}},{\"@type\":\"ListItem\",\"@id\":\"https:\\\/\\\/bierblog.info\\\/?p=5679#listItem\",\"position\":3,\"name\":\"1. 5. 2018: Bierakademie in der Trinkhalle Bochum\",\"previousItem\":{\"@type\":\"ListItem\",\"@id\":\"https:\\\/\\\/bierblog.info\\\/?cat=48#listItem\",\"name\":\"Bierfeste\"}}]},{\"@type\":\"Organization\",\"@id\":\"https:\\\/\\\/bierblog.info\\\/#organization\",\"name\":\"Der Bierblog\",\"description\":\"Der Blog zur Bierkultur\",\"url\":\"https:\\\/\\\/bierblog.info\\\/\"},{\"@type\":\"Person\",\"@id\":\"https:\\\/\\\/bierblog.info\\\/?author=1#author\",\"url\":\"https:\\\/\\\/bierblog.info\\\/?author=1\",\"name\":\"Maddes\",\"image\":{\"@type\":\"ImageObject\",\"@id\":\"https:\\\/\\\/bierblog.info\\\/?p=5679#authorImage\",\"url\":\"https:\\\/\\\/secure.gravatar.com\\\/avatar\\\/4783f51712ae22807f8027974551b2f2f1f1048437bfc310723ab20694928cff?s=96&d=mm&r=g\",\"width\":96,\"height\":96,\"caption\":\"Maddes\"}},{\"@type\":\"WebPage\",\"@id\":\"https:\\\/\\\/bierblog.info\\\/?p=5679#webpage\",\"url\":\"https:\\\/\\\/bierblog.info\\\/?p=5679\",\"name\":\"1. 5. 2018: Bierakademie in der Trinkhalle Bochum | Der Bierblog\",\"description\":\"Am kommenden Dienstag ist ein Feiertag, was Thomas aber nicht davon abh\\u00e4lt, ab 19.00 Uhr zur Bierakademie in seine Trinkhalle einzuladen. Und wenn die Bierakademie ausgerechnet am Tag der Arbeit stattfindet, soll zumindest ein besonderer Brauer zu Gast sein. Diesmal ist es Thomas von der Wiener Craft-Brauerei Brew Age. Die Brauerei wurde allein im letzten\",\"inLanguage\":\"de-DE\",\"isPartOf\":{\"@id\":\"https:\\\/\\\/bierblog.info\\\/#website\"},\"breadcrumb\":{\"@id\":\"https:\\\/\\\/bierblog.info\\\/?p=5679#breadcrumblist\"},\"author\":{\"@id\":\"https:\\\/\\\/bierblog.info\\\/?author=1#author\"},\"creator\":{\"@id\":\"https:\\\/\\\/bierblog.info\\\/?author=1#author\"},\"datePublished\":\"2018-04-24T20:04:41+02:00\",\"dateModified\":\"2018-04-24T20:20:00+02:00\"},{\"@type\":\"WebSite\",\"@id\":\"https:\\\/\\\/bierblog.info\\\/#website\",\"url\":\"https:\\\/\\\/bierblog.info\\\/\",\"name\":\"Der Bierblog\",\"description\":\"Der Blog zur Bierkultur\",\"inLanguage\":\"de-DE\",\"publisher\":{\"@id\":\"https:\\\/\\\/bierblog.info\\\/#organization\"}}]}\n\t\t<\/script>\n\t\t<!-- All in One SEO -->\n\n","aioseo_head_json":{"title":"1. 5. 2018: Bierakademie in der Trinkhalle Bochum | Der Bierblog","description":"Am kommenden Dienstag ist ein Feiertag, was Thomas aber nicht davon abh\u00e4lt, ab 19.00 Uhr zur Bierakademie in seine Trinkhalle einzuladen. Und wenn die Bierakademie ausgerechnet am Tag der Arbeit stattfindet, soll zumindest ein besonderer Brauer zu Gast sein. Diesmal ist es Thomas von der Wiener Craft-Brauerei Brew Age. Die Brauerei wurde allein im letzten","canonical_url":"https:\/\/bierblog.info\/?p=5679","robots":"max-image-preview:large","keywords":"","webmasterTools":{"miscellaneous":""},"schema":{"@context":"https:\/\/schema.org","@graph":[{"@type":"Article","@id":"https:\/\/bierblog.info\/?p=5679#article","name":"1. 5. 2018: Bierakademie in der Trinkhalle Bochum | Der Bierblog","headline":"1. 5. 2018: Bierakademie in der Trinkhalle Bochum","author":{"@id":"https:\/\/bierblog.info\/?author=1#author"},"publisher":{"@id":"https:\/\/bierblog.info\/#organization"},"datePublished":"2018-04-24T20:04:41+02:00","dateModified":"2018-04-24T20:20:00+02:00","inLanguage":"de-DE","mainEntityOfPage":{"@id":"https:\/\/bierblog.info\/?p=5679#webpage"},"isPartOf":{"@id":"https:\/\/bierblog.info\/?p=5679#webpage"},"articleSection":"Bierfeste"},{"@type":"BreadcrumbList","@id":"https:\/\/bierblog.info\/?p=5679#breadcrumblist","itemListElement":[{"@type":"ListItem","@id":"https:\/\/bierblog.info#listItem","position":1,"name":"Home","item":"https:\/\/bierblog.info","nextItem":{"@type":"ListItem","@id":"https:\/\/bierblog.info\/?cat=48#listItem","name":"Bierfeste"}},{"@type":"ListItem","@id":"https:\/\/bierblog.info\/?cat=48#listItem","position":2,"name":"Bierfeste","item":"https:\/\/bierblog.info\/?cat=48","nextItem":{"@type":"ListItem","@id":"https:\/\/bierblog.info\/?p=5679#listItem","name":"1. 5. 2018: Bierakademie in der Trinkhalle Bochum"},"previousItem":{"@type":"ListItem","@id":"https:\/\/bierblog.info#listItem","name":"Home"}},{"@type":"ListItem","@id":"https:\/\/bierblog.info\/?p=5679#listItem","position":3,"name":"1. 5. 2018: Bierakademie in der Trinkhalle Bochum","previousItem":{"@type":"ListItem","@id":"https:\/\/bierblog.info\/?cat=48#listItem","name":"Bierfeste"}}]},{"@type":"Organization","@id":"https:\/\/bierblog.info\/#organization","name":"Der Bierblog","description":"Der Blog zur Bierkultur","url":"https:\/\/bierblog.info\/"},{"@type":"Person","@id":"https:\/\/bierblog.info\/?author=1#author","url":"https:\/\/bierblog.info\/?author=1","name":"Maddes","image":{"@type":"ImageObject","@id":"https:\/\/bierblog.info\/?p=5679#authorImage","url":"https:\/\/secure.gravatar.com\/avatar\/4783f51712ae22807f8027974551b2f2f1f1048437bfc310723ab20694928cff?s=96&d=mm&r=g","width":96,"height":96,"caption":"Maddes"}},{"@type":"WebPage","@id":"https:\/\/bierblog.info\/?p=5679#webpage","url":"https:\/\/bierblog.info\/?p=5679","name":"1. 5. 2018: Bierakademie in der Trinkhalle Bochum | Der Bierblog","description":"Am kommenden Dienstag ist ein Feiertag, was Thomas aber nicht davon abh\u00e4lt, ab 19.00 Uhr zur Bierakademie in seine Trinkhalle einzuladen. Und wenn die Bierakademie ausgerechnet am Tag der Arbeit stattfindet, soll zumindest ein besonderer Brauer zu Gast sein. Diesmal ist es Thomas von der Wiener Craft-Brauerei Brew Age. Die Brauerei wurde allein im letzten","inLanguage":"de-DE","isPartOf":{"@id":"https:\/\/bierblog.info\/#website"},"breadcrumb":{"@id":"https:\/\/bierblog.info\/?p=5679#breadcrumblist"},"author":{"@id":"https:\/\/bierblog.info\/?author=1#author"},"creator":{"@id":"https:\/\/bierblog.info\/?author=1#author"},"datePublished":"2018-04-24T20:04:41+02:00","dateModified":"2018-04-24T20:20:00+02:00"},{"@type":"WebSite","@id":"https:\/\/bierblog.info\/#website","url":"https:\/\/bierblog.info\/","name":"Der Bierblog","description":"Der Blog zur Bierkultur","inLanguage":"de-DE","publisher":{"@id":"https:\/\/bierblog.info\/#organization"}}]},"og:locale":"de_DE","og:site_name":"Der Bierblog | Der Blog zur Bierkultur","og:type":"article","og:title":"1. 5. 2018: Bierakademie in der Trinkhalle Bochum | Der Bierblog","og:description":"Am kommenden Dienstag ist ein Feiertag, was Thomas aber nicht davon abh\u00e4lt, ab 19.00 Uhr zur Bierakademie in seine Trinkhalle einzuladen. Und wenn die Bierakademie ausgerechnet am Tag der Arbeit stattfindet, soll zumindest ein besonderer Brauer zu Gast sein. Diesmal ist es Thomas von der Wiener Craft-Brauerei Brew Age. Die Brauerei wurde allein im letzten","og:url":"https:\/\/bierblog.info\/?p=5679","article:published_time":"2018-04-24T19:04:41+00:00","article:modified_time":"2018-04-24T19:20:00+00:00","twitter:card":"summary","twitter:title":"1. 5. 2018: Bierakademie in der Trinkhalle Bochum | Der Bierblog","twitter:description":"Am kommenden Dienstag ist ein Feiertag, was Thomas aber nicht davon abh\u00e4lt, ab 19.00 Uhr zur Bierakademie in seine Trinkhalle einzuladen. Und wenn die Bierakademie ausgerechnet am Tag der Arbeit stattfindet, soll zumindest ein besonderer Brauer zu Gast sein. Diesmal ist es Thomas von der Wiener Craft-Brauerei Brew Age. Die Brauerei wurde allein im letzten"},"aioseo_meta_data":{"post_id":"5679","title":null,"description":null,"keywords":null,"keyphrases":null,"primary_term":null,"canonical_url":null,"og_title":null,"og_description":null,"og_object_type":"default","og_image_type":"default","og_image_url":null,"og_image_width":null,"og_image_height":null,"og_image_custom_url":null,"og_image_custom_fields":null,"og_video":null,"og_custom_url":null,"og_article_section":null,"og_article_tags":null,"twitter_use_og":false,"twitter_card":"default","twitter_image_type":"default","twitter_image_url":null,"twitter_image_custom_url":null,"twitter_image_custom_fields":null,"twitter_title":null,"twitter_description":null,"schema":{"blockGraphs":[],"customGraphs":[],"default":{"data":{"Article":[],"Course":[],"Dataset":[],"FAQPage":[],"Movie":[],"Person":[],"Product":[],"ProductReview":[],"Car":[],"Recipe":[],"Service":[],"SoftwareApplication":[],"WebPage":[]},"graphName":"","isEnabled":true},"graphs":[],"defaultGraph":"","defaultPostTypeGraph":""},"schema_type":null,"schema_type_options":null,"pillar_content":false,"robots_default":true,"robots_noindex":false,"robots_noarchive":false,"robots_nosnippet":false,"robots_nofollow":false,"robots_noimageindex":false,"robots_noodp":false,"robots_notranslate":false,"robots_max_snippet":null,"robots_max_videopreview":null,"robots_max_imagepreview":"large","priority":null,"frequency":null,"local_seo":null,"breadcrumb_settings":null,"limit_modified_date":false,"ai":null,"created":"2020-12-20 21:34:28","updated":"2022-09-13 22:12:43","seo_analyzer_scan_date":null,"focus_keyword":null,"additional_keywords":null,"truseo_locale":null},"aioseo_breadcrumb":"<div class=\"aioseo-breadcrumbs\"><span class=\"aioseo-breadcrumb\">\n\t\t\t<a href=\"https:\/\/bierblog.info\" title=\"Home\">Home<\/a>\n\t\t<\/span><span class=\"aioseo-breadcrumb-separator\">&raquo;<\/span><span class=\"aioseo-breadcrumb\">\n\t\t\t<a href=\"https:\/\/bierblog.info\/?cat=48\" title=\"Bierfeste\">Bierfeste<\/a>\n\t\t<\/span><span class=\"aioseo-breadcrumb-separator\">&raquo;<\/span><span class=\"aioseo-breadcrumb\">\n\t\t\t1. 5. 2018: Bierakademie in der Trinkhalle Bochum\n\t\t<\/span><\/div>","aioseo_breadcrumb_json":[{"label":"Home","link":"https:\/\/bierblog.info"},{"label":"Bierfeste","link":"https:\/\/bierblog.info\/?cat=48"},{"label":"1. 5. 2018: Bierakademie in der Trinkhalle Bochum","link":"https:\/\/bierblog.info\/?p=5679"}],"jetpack_publicize_connections":[],"jetpack_sharing_enabled":true,"jetpack_shortlink":"https:\/\/wp.me\/patIpt-1tB","jetpack_featured_media_url":"","_links":{"self":[{"href":"https:\/\/bierblog.info\/index.php?rest_route=\/wp\/v2\/posts\/5679","targetHints":{"allow":["GET"]}}],"collection":[{"href":"https:\/\/bierblog.info\/index.php?rest_route=\/wp\/v2\/posts"}],"about":[{"href":"https:\/\/bierblog.info\/index.php?rest_route=\/wp\/v2\/types\/post"}],"author":[{"embeddable":true,"href":"https:\/\/bierblog.info\/index.php?rest_route=\/wp\/v2\/users\/1"}],"replies":[{"embeddable":true,"href":"https:\/\/bierblog.info\/index.php?rest_route=%2Fwp%2Fv2%2Fcomments&post=5679"}],"version-history":[{"count":3,"href":"https:\/\/bierblog.info\/index.php?rest_route=\/wp\/v2\/posts\/5679\/revisions"}],"predecessor-version":[{"id":5682,"href":"https:\/\/bierblog.info\/index.php?rest_route=\/wp\/v2\/posts\/5679\/revisions\/5682"}],"wp:attachment":[{"href":"https:\/\/bierblog.info\/index.php?rest_route=%2Fwp%2Fv2%2Fmedia&parent=5679"}],"wp:term":[{"taxonomy":"category","embeddable":true,"href":"https:\/\/bierblog.info\/index.php?rest_route=%2Fwp%2Fv2%2Fcategories&post=5679"},{"taxonomy":"post_tag","embeddable":true,"href":"https:\/\/bierblog.info\/index.php?rest_route=%2Fwp%2Fv2%2Ftags&post=5679"}],"curies":[{"name":"wp","href":"https:\/\/api.w.org\/{rel}","templated":true}]}}