{"id":5317,"date":"2018-02-22T15:59:40","date_gmt":"2018-02-22T14:59:40","guid":{"rendered":"http:\/\/bierblog.info\/?p=5317"},"modified":"2018-02-22T16:00:10","modified_gmt":"2018-02-22T15:00:10","slug":"auch-in-diesem-jahr-gibt-es-den-inntaler-biermaerz","status":"publish","type":"post","link":"https:\/\/bierblog.info\/?p=5317","title":{"rendered":"Auch in diesem Jahr gibt es den Inntaler Bierm\u00e4rz"},"content":{"rendered":"<div class=\"shariff\" data-title=\"Auch in diesem Jahr gibt es den Inntaler Bierm\u00e4rz\" data-info-url=\"http:\/\/ct.de\/-2467514\" data-backend-url=\"https:\/\/bierblog.info\/wp-content\/plugins\/shariff-sharing\/backend\/index.php\" data-temp=\"\/tmp\" data-ttl=\"60\" data-service=\"gftr\" data-services='[\"googleplus\",\"facebook\",\"twitter\",\"reddit\",\"info\"]' data-image=\"\" data-url=\"https:\/\/bierblog.info\/?p=5317\" data-lang=\"de\" data-theme=\"colored\" data-orientation=\"horizontal\"><\/div><p>Der M\u00e4rz steht im Innviertel zum sechsten Mal ganz im Zeichen des Bieres: Erneut ruft die Bierregion Innviertel \u2013 ein Zusammenschluss von regionalen Brauern, Wirten und Touristikern \u2013 um diese Zeit den &#8222;Bierm\u00e4rz&#8220; aus. Auch die Weberzeile beteiligt sich mit einem s\u00fcffigen Programm an dem bunten Veranstaltungsreigen und feiert mit der &#8222;Bierzeile&#8220; am Samstag, 3. M\u00e4rz, ein Bierfest der Extraklasse \u2013 inklusive Bieranstich, Fr\u00fchschoppen, Live-Musik und Koch-Shows zum Thema Bier.\n<\/p>\n<p>Braumeister Josef Niklas von der Brauerei Ried, Andrea Eckerstorfer von der Bierregion Innviertel und Fritz Einb\u00f6ck von der Weberzeile werden das Fest um elf Uhr mit einem Bieranstich des &#8222;Aper&#8220;-Bieres er\u00f6ffnen, einer gemeinsamen Kreation aller Brauereien in der Region. Parallel dazu er\u00f6ffnen die &#8222;Toskiringa Blechbradlern&#8220; den Fr\u00fchschoppen.\n<\/p>\n<p>An den Verkostungsst\u00e4nden der Brauereien k\u00f6nnen die G\u00e4ste die Vielfalt der Innviertler Bierlandschaft kennenlernen und dabei gleich verkosten \u2013 und das ist zu diesem Anlass ganz besonders g\u00fcnstig: f\u00fcr nur f\u00fcnf Euro gibt es ein Starterset inklusive Verkostungsglas, f\u00fcnf Getr\u00e4nkemarken zum Einl\u00f6sen bei den Brauereien und einem Jausenbrot. Das Glas kann k\u00f6nnen die Teilnehmer an diesem Event vor Ort mit ihrem Namen gravieren lassen und anschlie\u00dfend mit nach Hause nehmen. Auch das ist im Preis enthalten.\n<\/p>\n<p>Das ist selbstverst\u00e4ndlich nicht auf n\u00fcchternen Magen u machen. Daher sorgen die Anbieter des Weberzeile-Bauernmarktes f\u00fcr das leibliche Wohl der G\u00e4ste und damit f\u00fcr die erforderliche Unterlage. Haubenkoch Florian Schl\u00f6glmann vom Wirt &#8222;Kraxenberg in Kirchheim verr\u00e4t in zwei Kochshows gschmackige Kochrezepte mit Bier (13 und 15 Uhr). Au\u00dferdem k\u00f6nnen die Bierfest-G\u00e4ste attraktive Preise aus der Bierregion Innviertel gewinnen. Die Gewinnspielziehung findet um 17 Uhr statt. Das Fest wird um 22:00 Uhr beendet sein.\n<\/p>\n<p>Das ist selbstverst\u00e4ndlich nicht die einzige Bierveranstaltung im Bierm\u00e4rz. In den n\u00e4chsten Tagen werde ich noch auf die anderen Events hinweisen. (Mit Material von <a href=\"http:\/\/www.tips.at\">www.tips.at<\/a>). <\/p>\n","protected":false},"excerpt":{"rendered":"<p>Der M\u00e4rz steht im Innviertel zum sechsten Mal ganz im Zeichen des Bieres: Erneut ruft die Bierregion Innviertel \u2013 ein Zusammenschluss von regionalen Brauern, Wirten und Touristikern \u2013 um diese Zeit den &#8222;Bierm\u00e4rz&#8220; aus. Auch die Weberzeile beteiligt sich mit einem s\u00fcffigen Programm an dem bunten Veranstaltungsreigen und feiert mit der &#8222;Bierzeile&#8220; am Samstag, 3. [&hellip;]<\/p>\n","protected":false},"author":1,"featured_media":0,"comment_status":"open","ping_status":"open","sticky":false,"template":"","format":"standard","meta":{"jetpack_post_was_ever_published":false,"_jetpack_newsletter_access":"","_jetpack_dont_email_post_to_subs":false,"_jetpack_newsletter_tier_id":0,"_jetpack_memberships_contains_paywalled_content":false,"_jetpack_memberships_contains_paid_content":false,"footnotes":"","jetpack_publicize_message":"","jetpack_publicize_feature_enabled":true,"jetpack_social_post_already_shared":false,"jetpack_social_options":{"image_generator_settings":{"template":"highway","default_image_id":0,"font":"","enabled":false},"version":2}},"categories":[48],"tags":[],"class_list":["post-5317","post","type-post","status-publish","format-standard","hentry","category-bierfeste"],"aioseo_notices":[],"jetpack_publicize_connections":[],"jetpack_featured_media_url":"","jetpack_sharing_enabled":true,"jetpack_shortlink":"https:\/\/wp.me\/patIpt-1nL","_links":{"self":[{"href":"https:\/\/bierblog.info\/index.php?rest_route=\/wp\/v2\/posts\/5317","targetHints":{"allow":["GET"]}}],"collection":[{"href":"https:\/\/bierblog.info\/index.php?rest_route=\/wp\/v2\/posts"}],"about":[{"href":"https:\/\/bierblog.info\/index.php?rest_route=\/wp\/v2\/types\/post"}],"author":[{"embeddable":true,"href":"https:\/\/bierblog.info\/index.php?rest_route=\/wp\/v2\/users\/1"}],"replies":[{"embeddable":true,"href":"https:\/\/bierblog.info\/index.php?rest_route=%2Fwp%2Fv2%2Fcomments&post=5317"}],"version-history":[{"count":1,"href":"https:\/\/bierblog.info\/index.php?rest_route=\/wp\/v2\/posts\/5317\/revisions"}],"predecessor-version":[{"id":5318,"href":"https:\/\/bierblog.info\/index.php?rest_route=\/wp\/v2\/posts\/5317\/revisions\/5318"}],"wp:attachment":[{"href":"https:\/\/bierblog.info\/index.php?rest_route=%2Fwp%2Fv2%2Fmedia&parent=5317"}],"wp:term":[{"taxonomy":"category","embeddable":true,"href":"https:\/\/bierblog.info\/index.php?rest_route=%2Fwp%2Fv2%2Fcategories&post=5317"},{"taxonomy":"post_tag","embeddable":true,"href":"https:\/\/bierblog.info\/index.php?rest_route=%2Fwp%2Fv2%2Ftags&post=5317"}],"curies":[{"name":"wp","href":"https:\/\/api.w.org\/{rel}","templated":true}]}}