{"id":4924,"date":"2018-01-20T00:52:19","date_gmt":"2018-01-19T23:52:19","guid":{"rendered":"http:\/\/bierblog.info\/?p=4924"},"modified":"2018-01-20T00:54:11","modified_gmt":"2018-01-19T23:54:11","slug":"altenmuenster-winterbier-dunkel","status":"publish","type":"post","link":"https:\/\/bierblog.info\/?p=4924","title":{"rendered":"Altenm\u00fcnster Winterbier Dunkel"},"content":{"rendered":"<div class=\"shariff\" data-title=\"Altenm\u00fcnster Winterbier Dunkel\" data-info-url=\"http:\/\/ct.de\/-2467514\" data-backend-url=\"https:\/\/bierblog.info\/wp-content\/plugins\/shariff-sharing\/backend\/index.php\" data-temp=\"\/tmp\" data-ttl=\"60\" data-service=\"gftr\" data-services='[\"googleplus\",\"facebook\",\"twitter\",\"reddit\",\"info\"]' data-image=\"\" data-url=\"https:\/\/bierblog.info\/?p=4924\" data-lang=\"de\" data-theme=\"colored\" data-orientation=\"horizontal\"><\/div><p><img decoding=\"async\" src=\"http:\/\/bierblog.info\/wp-content\/uploads\/2018\/01\/011918_2352_Altenmnster1.jpg\" alt=\"\" align=\"left\" \/>Nun steht das Altenm\u00fcnster Winterbier Dunkel vor mir. \u00dcber die Brauerei ist erstaunlich wenig zu erfahren, lediglich Wikipedia schreibt dazu: &#8222;Im Kernort Altenm\u00fcnster befand sich die Brauerei H\u00e4mmerle. Sie wurde im April 2005 abgerissen. Erhalten ist nur der Gasthof. Aus der Fusion der Brauerei H\u00e4mmerle mit der Sailerbrauerei von Gerd H. Borges in Leuterschach entstand die Unternehmensgruppe Altenm\u00fcnster, welche 2002 von der Allg\u00e4uer Brauhaus \u00fcbernommen wurde (seit 2003 Teil der Radeberger Gruppe). Die Mainzer Aktien Bierbrauerei (Binding-Gruppe, seit 2002 Radeberger Gruppe der Dr. August Oetker) \u00fcbernahm die von Sailerbr\u00e4u Franz Sailer gehaltenen Markenrechte an der Marke f\u00fcr das Altenm\u00fcnster Brauer Bier. Die zur Firmengruppe Altenm\u00fcnster geh\u00f6rende Gesellschaft Kronenbr\u00e4u Brauhaus zu Altenm\u00fcnster wurde nicht mitver\u00e4u\u00dfert.&#8220; Klingt ziemlich verwirrend und wenig erhellend. Wenden wir uns also dem Bier zu.<\/p>\n<p>Dunkelbraun, fast schwarz steht das Bier im Glas. Dar\u00fcber bildet sich eine durchschnittliche Menge feinporiger Schaum, der recht lange erhalten bleibt.<\/p>\n<p>Das Bier duftet s\u00fc\u00df nach Malzzucker, unterst\u00fctzt durch ein leichtes Aroma roter Fr\u00fcchte. Aufgrund der Farbe h\u00e4tte ich D\u00fcfte nach Kakao oder Kaffee erwartet; diese Erwartung wird aber entt\u00e4uscht.<\/p>\n<p>Der Antrunk ist recht s\u00fc\u00df, womit ich bei einem Winterbier durchaus rechne. Passend zu der S\u00fc\u00dfe ist die sehr feinperlige Kohlens\u00e4ure dosiert, weshalb das Bier im ersten Moment eine wirklich gute Figur macht. Dann wird das Bier schlank. Wenig S\u00e4ure gesellt sich zur S\u00fc\u00dfe und noch weniger Bitter. Auch im Abgang finde ich nur wenig Bitterstoffe und auch keinen Nachklang. Auf der Website schreibt die Brauerei, dass das Bier 25 Bittereinheiten h\u00e4tte. Weshalb kann ich davon nichts schmecken?<\/p>\n<h3>Zutaten:<\/h3>\n<p>Wasser, Gerstenmalz, Hopfen, Hopfenextrakt<\/p>\n<h3>Alkoholgehalt:<\/h3>\n<p>5,5 % Vol.<\/p>\n<h3>Stammw\u00fcrze:<\/h3>\n<p>13,3 %<\/p>\n<h3>Bittereinheiten:<\/h3>\n<p>25,0 EBC<\/p>\n<h3>Brauerei:<\/h3>\n<p>Altenm\u00fcnster Brauer Bier GmbH<br \/>\nSchwendener Str. 18<br \/>\n87616 Marktoberdorf<br \/>\n<a href=\"http:\/\/www.altenmuenster-brauerbier.de\">www.altenmuenster-brauerbier.de<\/a><\/p>\n","protected":false},"excerpt":{"rendered":"<p>Nun steht das Altenm\u00fcnster Winterbier Dunkel vor mir. \u00dcber die Brauerei ist erstaunlich wenig zu erfahren, lediglich Wikipedia schreibt dazu: &#8222;Im Kernort Altenm\u00fcnster befand sich die Brauerei H\u00e4mmerle. Sie wurde im April 2005 abgerissen. Erhalten ist nur der Gasthof. Aus der Fusion der Brauerei H\u00e4mmerle mit der Sailerbrauerei von Gerd H. Borges in Leuterschach entstand [&hellip;]<\/p>\n","protected":false},"author":1,"featured_media":0,"comment_status":"open","ping_status":"open","sticky":false,"template":"","format":"standard","meta":{"jetpack_post_was_ever_published":false,"_jetpack_newsletter_access":"","_jetpack_dont_email_post_to_subs":false,"_jetpack_newsletter_tier_id":0,"_jetpack_memberships_contains_paywalled_content":false,"_jetpack_memberships_contains_paid_content":false,"footnotes":"","jetpack_publicize_message":"","jetpack_publicize_feature_enabled":true,"jetpack_social_post_already_shared":false,"jetpack_social_options":{"image_generator_settings":{"template":"highway","default_image_id":0,"font":"","enabled":false},"version":2}},"categories":[11],"tags":[14,10,59],"class_list":["post-4924","post","type-post","status-publish","format-standard","hentry","category-biertest","tag-bayern","tag-deutschland","tag-saisonbier"],"aioseo_notices":[],"jetpack_publicize_connections":[],"jetpack_featured_media_url":"","jetpack_sharing_enabled":true,"jetpack_shortlink":"https:\/\/wp.me\/patIpt-1hq","_links":{"self":[{"href":"https:\/\/bierblog.info\/index.php?rest_route=\/wp\/v2\/posts\/4924","targetHints":{"allow":["GET"]}}],"collection":[{"href":"https:\/\/bierblog.info\/index.php?rest_route=\/wp\/v2\/posts"}],"about":[{"href":"https:\/\/bierblog.info\/index.php?rest_route=\/wp\/v2\/types\/post"}],"author":[{"embeddable":true,"href":"https:\/\/bierblog.info\/index.php?rest_route=\/wp\/v2\/users\/1"}],"replies":[{"embeddable":true,"href":"https:\/\/bierblog.info\/index.php?rest_route=%2Fwp%2Fv2%2Fcomments&post=4924"}],"version-history":[{"count":2,"href":"https:\/\/bierblog.info\/index.php?rest_route=\/wp\/v2\/posts\/4924\/revisions"}],"predecessor-version":[{"id":4926,"href":"https:\/\/bierblog.info\/index.php?rest_route=\/wp\/v2\/posts\/4924\/revisions\/4926"}],"wp:attachment":[{"href":"https:\/\/bierblog.info\/index.php?rest_route=%2Fwp%2Fv2%2Fmedia&parent=4924"}],"wp:term":[{"taxonomy":"category","embeddable":true,"href":"https:\/\/bierblog.info\/index.php?rest_route=%2Fwp%2Fv2%2Fcategories&post=4924"},{"taxonomy":"post_tag","embeddable":true,"href":"https:\/\/bierblog.info\/index.php?rest_route=%2Fwp%2Fv2%2Ftags&post=4924"}],"curies":[{"name":"wp","href":"https:\/\/api.w.org\/{rel}","templated":true}]}}