{"id":3628,"date":"2017-09-27T09:55:45","date_gmt":"2017-09-27T08:55:45","guid":{"rendered":"http:\/\/bierblog.info\/?p=3628"},"modified":"2017-11-03T11:54:43","modified_gmt":"2017-11-03T10:54:43","slug":"27-9-2017-tag-des-tschechischen-bieres","status":"publish","type":"post","link":"https:\/\/bierblog.info\/?p=3628","title":{"rendered":"27. 9. 2017: Tag des tschechischen Bieres"},"content":{"rendered":"<div class=\"shariff\" data-title=\"27. 9. 2017: Tag des tschechischen Bieres\" data-info-url=\"http:\/\/ct.de\/-2467514\" data-backend-url=\"https:\/\/bierblog.info\/wp-content\/plugins\/shariff-sharing\/backend\/index.php\" data-temp=\"\/tmp\" data-ttl=\"60\" data-service=\"gftr\" data-services='[\"googleplus\",\"facebook\",\"twitter\",\"reddit\",\"info\"]' data-image=\"\" data-url=\"https:\/\/bierblog.info\/?p=3628\" data-lang=\"de\" data-theme=\"colored\" data-orientation=\"horizontal\"><\/div><p>Der 28. September ist in Tschechien ein staatlicher Feiertag. Und seit dem vergangenen Jahr soll am Vorabend des Tages der tschechischen Staatlichkeit nun auch ein tschechisches Kulturgut ersten Ranges gefeiert werden: Die Rede ist selbstverst\u00e4ndlich vom Bier.<\/p>\n<p>Jedenfalls wenn es nach dem Willen des tschechischen Braueierverbandes \u010cSPS geht. Der hatte n\u00e4mlich den Tag vor dem Feiertag zum Gedenken an die Ermordung des Heiligen Wenzels, des Schutzpatrons der b\u00f6hmischen L\u00e4nder, zum Tag des tschechischen Bieres erkl\u00e4rt.<\/p>\n<p>Der Plan des Verbandes scheint dabei aufzugehen. Wie der \u010cSPS dieser Tage mitteilt, beteiligen sich an dem diesj\u00e4hrigen zweiten Jahrgang Dutzende Brauereien und Mikrobrauereien, die zusammen etwa 95 Prozent der Produktion des tschechischen Biermarktes repr\u00e4sentieren.<\/p>\n<p>\u00dcber 4.000 Restaurants, Kneipen und Bierwirtschaften locken dabei mit speziellen St.-Wenzels-Bierspezialit\u00e4ten oder beteiligen sich auf andere Weise an dem neuen Feiertag. Viele Brauer verlassen ihre Brauerei, um den Bierliebhabern Rede und Antwort zu stehen. Viele gro\u00dfe und kleine Brauereien bieten auch F\u00fchrungen durch ihren Betrieb an.<\/p>\n<p>Wenn Sie sich in Tschechien aufhalten oder in der N\u00e4he der Grenze sind, sollten Sie dieses Angebot auf jeden Fall annehmen. \u00dcber die \u00f6rtlichen Aktivit\u00e4ten informiert Sie sicher gerne die lokale Touristeninformation.<\/p>\n","protected":false},"excerpt":{"rendered":"<p>Der 28. September ist in Tschechien ein staatlicher Feiertag. Und seit dem vergangenen Jahr soll am Vorabend des Tages der tschechischen Staatlichkeit nun auch ein tschechisches Kulturgut ersten Ranges gefeiert werden: Die Rede ist selbstverst\u00e4ndlich vom Bier. Jedenfalls wenn es nach dem Willen des tschechischen Braueierverbandes \u010cSPS geht. Der hatte n\u00e4mlich den Tag vor dem [&hellip;]<\/p>\n","protected":false},"author":1,"featured_media":0,"comment_status":"open","ping_status":"open","sticky":false,"template":"","format":"standard","meta":{"jetpack_post_was_ever_published":false,"_jetpack_newsletter_access":"","_jetpack_dont_email_post_to_subs":false,"_jetpack_newsletter_tier_id":0,"_jetpack_memberships_contains_paywalled_content":false,"_jetpack_memberships_contains_paid_content":false,"footnotes":"","jetpack_publicize_message":"","jetpack_publicize_feature_enabled":true,"jetpack_social_post_already_shared":false,"jetpack_social_options":{"image_generator_settings":{"template":"highway","default_image_id":0,"font":"","enabled":false},"version":2}},"categories":[48],"tags":[],"class_list":["post-3628","post","type-post","status-publish","format-standard","hentry","category-bierfeste"],"aioseo_notices":[],"jetpack_publicize_connections":[],"jetpack_featured_media_url":"","jetpack_sharing_enabled":true,"jetpack_shortlink":"https:\/\/wp.me\/patIpt-Ww","_links":{"self":[{"href":"https:\/\/bierblog.info\/index.php?rest_route=\/wp\/v2\/posts\/3628","targetHints":{"allow":["GET"]}}],"collection":[{"href":"https:\/\/bierblog.info\/index.php?rest_route=\/wp\/v2\/posts"}],"about":[{"href":"https:\/\/bierblog.info\/index.php?rest_route=\/wp\/v2\/types\/post"}],"author":[{"embeddable":true,"href":"https:\/\/bierblog.info\/index.php?rest_route=\/wp\/v2\/users\/1"}],"replies":[{"embeddable":true,"href":"https:\/\/bierblog.info\/index.php?rest_route=%2Fwp%2Fv2%2Fcomments&post=3628"}],"version-history":[{"count":3,"href":"https:\/\/bierblog.info\/index.php?rest_route=\/wp\/v2\/posts\/3628\/revisions"}],"predecessor-version":[{"id":3845,"href":"https:\/\/bierblog.info\/index.php?rest_route=\/wp\/v2\/posts\/3628\/revisions\/3845"}],"wp:attachment":[{"href":"https:\/\/bierblog.info\/index.php?rest_route=%2Fwp%2Fv2%2Fmedia&parent=3628"}],"wp:term":[{"taxonomy":"category","embeddable":true,"href":"https:\/\/bierblog.info\/index.php?rest_route=%2Fwp%2Fv2%2Fcategories&post=3628"},{"taxonomy":"post_tag","embeddable":true,"href":"https:\/\/bierblog.info\/index.php?rest_route=%2Fwp%2Fv2%2Ftags&post=3628"}],"curies":[{"name":"wp","href":"https:\/\/api.w.org\/{rel}","templated":true}]}}