{"id":3438,"date":"2017-08-19T10:02:00","date_gmt":"2017-08-19T09:02:00","guid":{"rendered":"http:\/\/bierblog.info\/?p=3438"},"modified":"2017-08-19T10:03:27","modified_gmt":"2017-08-19T09:03:27","slug":"3438","status":"publish","type":"post","link":"https:\/\/bierblog.info\/?p=3438","title":{"rendered":"Riegele: Mitarbeiter feiert 60j\u00e4hriges Firmenjubil\u00e4um"},"content":{"rendered":"<div class=\"shariff\" data-title=\"Riegele: Mitarbeiter feiert 60j\u00e4hriges Firmenjubil\u00e4um\" data-info-url=\"http:\/\/ct.de\/-2467514\" data-backend-url=\"https:\/\/bierblog.info\/wp-content\/plugins\/shariff-sharing\/backend\/index.php\" data-temp=\"\/tmp\" data-ttl=\"60\" data-service=\"gftr\" data-services='[\"googleplus\",\"facebook\",\"twitter\",\"reddit\",\"info\"]' data-image=\"\" data-url=\"https:\/\/bierblog.info\/?p=3438\" data-lang=\"de\" data-theme=\"colored\" data-orientation=\"horizontal\"><\/div><p>Heute, auf den Tag genau vor 60 Jahren begann die Karriere des 17j\u00e4hrigen kaufm\u00e4nnischen Angestellten G\u00fcnter Wagenknecht. Soweit nichts Besonderes. Das Unglaubliche ist, dass er volle sechs Jahrzehnte sp\u00e4ter noch immer im gleichen Brauhaus Riegele arbeitet. Mittlerweile als 77j\u00e4hriges Mitglied der Gesch\u00e4ftsleitung, verantwortlich f\u00fcr den Export \u201aseiner&#8216; Riegele Bierspezialit\u00e4ten.\n<\/p>\n<p>Seit seinem ersten Arbeitstag am 19. 8. 1957 hat er viel erlebt. Von der Zettelwirtschaft bis zur Einf\u00fchrung moderner EDV. Von wirtschaftlichen Tiefen der Nachkriegszeit bis zur Zwischenbl\u00fcte der Wiedervereinigung. Und dann die gro\u00dfen Erfolge der letzten Jahre. Auszeichnungen der Brauerei als &#8222;Craft Brauer des Jahres&#8220;, &#8222;Bier des Jahrzehnts&#8220; oder als &#8222;Deutschlands Brauerei 2017&#8220; erf\u00fcllen G\u00fcnter Wagenknecht mit Stolz. Es sind auch seine Auszeichnungen. Er ist mit Herz und Seele ein \u201aechter Riegele&#8216;.\n<\/p>\n<p>Das best\u00e4tigt Familie Priller-Riegele, die das Brauhaus in der 28. Braugeneration f\u00fchrt. &#8222;Herr Wagenknecht ist ein Ph\u00e4nomen&#8220;, so Dr. Sebastian Priller, &#8222;seine Loyalit\u00e4t, sein Einsatz und sein Durchhalteverm\u00f6gen setzt Ma\u00dfst\u00e4be. Wir haben viel miteinander erlebt, hatten dabei aber immer Respekt voreinander, sowie ein ehrliches und gutes Miteinander. Daf\u00fcr danken wir Herrn Wagenknecht sehr!&#8220;\n<\/p>\n<p>Die Loyalit\u00e4t der Mitarbeiter ist f\u00fcr Riegele existenziell. &#8222;Im Spiel der gro\u00dfen Konzerne k\u00f6nnen wir finanziell nicht mithalten, aber bei uns ist jeder einzelne Mitarbeiter ein wichtiger und pers\u00f6nlich gesch\u00e4tzter Teil der Firma. Das stiftet Sinn und man hat Freude bei der Arbeit&#8220;, so Sebastian Priller. Diese Wertsch\u00e4tzung bringt Riegele in einer Anzeigenkampagne zum Ausdruck, die dem Dank und der Anerkennung f\u00fcr Herrn Wagenknecht gewidmet ist. Eine Geste, die nur in Familienunternehmen mit einer best\u00e4ndigen Wertebasis zu finden ist.\n<\/p>\n<p>Geht man mit Herrn Wagenknecht auf Exportreise, ist diese Wertebasis zu sp\u00fcren. &#8222;Gunter&#8220;, wie seine Kunden ihn nennen, wird allerorts gesch\u00e4tzt. Vor allem in seinem favorisierten Exportland Italien, in dem er vor \u00fcber 30 Jahren das erste Riegele Bier ins Ausland verkauft hat. Heute ist er Vielflieger und hat Kunden von Stockholm bis zum Lago Maggiore. Kunden, die er Freunde nennt und deren Verbundenheit zu Riegele ein Zeichen der Wertsch\u00e4tzung f\u00fcr ihn selbst sind.\n<\/p>\n<p>Ans Aufh\u00f6ren denkt Herr Wagenknecht noch lange nicht. Mittlerweile wird er von seinem Sohn J\u00fcrgen Wagenknecht unterst\u00fctzt, der als Exportverantwortlicher bei Riegele in die gro\u00dfen Fu\u00dfstapfen des Vaters eingetreten ist. Ein Schritt, der nur in Familienunternehmen so m\u00f6glich ist. Ob auch Wagenknecht Junior eines Tages sein 60j\u00e4hriges Betriebsjubil\u00e4um feiern wird? Wir werden es sehen.<\/p>\n","protected":false},"excerpt":{"rendered":"<p>Heute, auf den Tag genau vor 60 Jahren begann die Karriere des 17j\u00e4hrigen kaufm\u00e4nnischen Angestellten G\u00fcnter Wagenknecht. Soweit nichts Besonderes. Das Unglaubliche ist, dass er volle sechs Jahrzehnte sp\u00e4ter noch immer im gleichen Brauhaus Riegele arbeitet. Mittlerweile als 77j\u00e4hriges Mitglied der Gesch\u00e4ftsleitung, verantwortlich f\u00fcr den Export \u201aseiner&#8216; Riegele Bierspezialit\u00e4ten. Seit seinem ersten Arbeitstag am 19. [&hellip;]<\/p>\n","protected":false},"author":1,"featured_media":0,"comment_status":"open","ping_status":"open","sticky":false,"template":"","format":"standard","meta":{"jetpack_post_was_ever_published":false,"_jetpack_newsletter_access":"","_jetpack_dont_email_post_to_subs":false,"_jetpack_newsletter_tier_id":0,"_jetpack_memberships_contains_paywalled_content":false,"_jetpack_memberships_contains_paid_content":false,"footnotes":"","jetpack_publicize_message":"","jetpack_publicize_feature_enabled":true,"jetpack_social_post_already_shared":false,"jetpack_social_options":{"image_generator_settings":{"template":"highway","default_image_id":0,"font":"","enabled":false},"version":2}},"categories":[3],"tags":[],"class_list":["post-3438","post","type-post","status-publish","format-standard","hentry","category-news"],"aioseo_notices":[],"jetpack_publicize_connections":[],"jetpack_featured_media_url":"","jetpack_sharing_enabled":true,"jetpack_shortlink":"https:\/\/wp.me\/satIpt-3438","_links":{"self":[{"href":"https:\/\/bierblog.info\/index.php?rest_route=\/wp\/v2\/posts\/3438","targetHints":{"allow":["GET"]}}],"collection":[{"href":"https:\/\/bierblog.info\/index.php?rest_route=\/wp\/v2\/posts"}],"about":[{"href":"https:\/\/bierblog.info\/index.php?rest_route=\/wp\/v2\/types\/post"}],"author":[{"embeddable":true,"href":"https:\/\/bierblog.info\/index.php?rest_route=\/wp\/v2\/users\/1"}],"replies":[{"embeddable":true,"href":"https:\/\/bierblog.info\/index.php?rest_route=%2Fwp%2Fv2%2Fcomments&post=3438"}],"version-history":[{"count":2,"href":"https:\/\/bierblog.info\/index.php?rest_route=\/wp\/v2\/posts\/3438\/revisions"}],"predecessor-version":[{"id":3440,"href":"https:\/\/bierblog.info\/index.php?rest_route=\/wp\/v2\/posts\/3438\/revisions\/3440"}],"wp:attachment":[{"href":"https:\/\/bierblog.info\/index.php?rest_route=%2Fwp%2Fv2%2Fmedia&parent=3438"}],"wp:term":[{"taxonomy":"category","embeddable":true,"href":"https:\/\/bierblog.info\/index.php?rest_route=%2Fwp%2Fv2%2Fcategories&post=3438"},{"taxonomy":"post_tag","embeddable":true,"href":"https:\/\/bierblog.info\/index.php?rest_route=%2Fwp%2Fv2%2Ftags&post=3438"}],"curies":[{"name":"wp","href":"https:\/\/api.w.org\/{rel}","templated":true}]}}