{"id":3062,"date":"2017-05-12T10:35:47","date_gmt":"2017-05-12T09:35:47","guid":{"rendered":"http:\/\/bierblog.info\/?p=3062"},"modified":"2019-05-05T10:41:21","modified_gmt":"2019-05-05T08:41:21","slug":"13-5-14-5-2017-brauereifest-in-maisach","status":"publish","type":"post","link":"https:\/\/bierblog.info\/?p=3062","title":{"rendered":"13. 5. \u2013 14. 5. 2017: Brauereifest in Maisach"},"content":{"rendered":"<div class=\"shariff\" data-title=\"13. 5. \u2013 14. 5. 2017: Brauereifest in Maisach\" data-info-url=\"http:\/\/ct.de\/-2467514\" data-backend-url=\"https:\/\/bierblog.info\/wp-content\/plugins\/shariff-sharing\/backend\/index.php\" data-temp=\"\/tmp\" data-ttl=\"60\" data-service=\"gftr\" data-services='[\"googleplus\",\"facebook\",\"twitter\",\"reddit\",\"info\"]' data-image=\"\" data-url=\"https:\/\/bierblog.info\/?p=3062\" data-lang=\"de\" data-theme=\"colored\" data-orientation=\"horizontal\"><\/div><p><span style=\"color: #333333; font-family: Arial; font-size: 10pt;\">&#8222;De Woch h\u00f6rt ja mal guat auf.&#8220; Unter diesem Motto steht das kommende Wochenende in <a href=\"http:\/\/www.sueddeutsche.de\/thema\/Maisach\">Maisach<\/a>. Die Brauerei Maisach feiert ihr Brauereifest. Seit 1556 versorgt die Privatbrauerei die Umgebung mit ihrem Bier. Am Samstag, 13. Mai, von 13 Uhr an wird das Sudhaus ge\u00f6ffnet. Die G\u00e4ste k\u00f6nnen so beim Brauen zusehen und dem Braumeister Fragen stellen. Von 14 Uhr an gew\u00e4hrt der Holzfasspicher G\u00fcnter Huber Einblicke in sein fast vergessenes Handwerk.<br \/>\n<\/span><\/p>\n<p><span style=\"color: #333333; font-family: Arial; font-size: 10pt;\">Neben Proben des eigenen Bieres schenkt die Brauerei auch verschiedene Craft-Biere zur Verkostung aus. Dass auch f\u00fcr das leibliche Wohl gesorgt ist, d\u00fcrfte selbstverst\u00e4ndlich sein. Aber auch f\u00fcr die Kleinen gibt es Unterhaltung in Form einer H\u00fcpfburg und eines Puppentheaters. Und das Musikprogramm f\u00fcr die Erwachsenen? Nun ja, das ist typisch bayrisch.<br \/>\n<\/span><\/p>\n<p><span style=\"color: #333333; font-family: Arial; font-size: 10pt;\">Das Programm:<br \/>\nSamstag (Tag des Bieres):<br \/>\n13:00 Uhr: Offenes Sudhaus mit Bierproben<br \/>\n14:00 Uhr: Holzfasspichen<br \/>\n<\/span>15:00 Uhr: Kneissl-Film<br \/>\n17:00 Uhr: Schachermuih Musikanten<br \/>\n20:00 Uhr: Bairisch Diatonischer Jodelwahnsinn<\/p>\n<p>Sonntag (Familientag):<br \/>\nOffenes Sudhaus mit Bierproben<br \/>\n14:00 Uhr: Puppentheater Handmaids: Der R\u00e4uber Hotzenplotz<br \/>\nMaisacher Blaskapelle<br \/>\nOlchinger Ratschkathln<\/p>\n<p>Ort:<br \/>\nHauptstr. 24<br \/>\n82216 Maisach<\/p>\n","protected":false},"excerpt":{"rendered":"<p>&#8222;De Woch h\u00f6rt ja mal guat auf.&#8220; Unter diesem Motto steht das kommende Wochenende in Maisach. Die Brauerei Maisach feiert ihr Brauereifest. Seit 1556 versorgt die Privatbrauerei die Umgebung mit ihrem Bier. Am Samstag, 13. Mai, von 13 Uhr an wird das Sudhaus ge\u00f6ffnet. Die G\u00e4ste k\u00f6nnen so beim Brauen zusehen und dem Braumeister Fragen [&hellip;]<\/p>\n","protected":false},"author":1,"featured_media":0,"comment_status":"open","ping_status":"open","sticky":false,"template":"","format":"standard","meta":{"jetpack_post_was_ever_published":false,"_jetpack_newsletter_access":"","_jetpack_dont_email_post_to_subs":false,"_jetpack_newsletter_tier_id":0,"_jetpack_memberships_contains_paywalled_content":false,"_jetpack_memberships_contains_paid_content":false,"footnotes":"","jetpack_publicize_message":"","jetpack_publicize_feature_enabled":true,"jetpack_social_post_already_shared":false,"jetpack_social_options":{"image_generator_settings":{"template":"highway","default_image_id":0,"font":"","enabled":false},"version":2}},"categories":[48],"tags":[],"class_list":["post-3062","post","type-post","status-publish","format-standard","hentry","category-bierfeste"],"aioseo_notices":[],"jetpack_publicize_connections":[],"jetpack_featured_media_url":"","jetpack_sharing_enabled":true,"jetpack_shortlink":"https:\/\/wp.me\/patIpt-No","_links":{"self":[{"href":"https:\/\/bierblog.info\/index.php?rest_route=\/wp\/v2\/posts\/3062","targetHints":{"allow":["GET"]}}],"collection":[{"href":"https:\/\/bierblog.info\/index.php?rest_route=\/wp\/v2\/posts"}],"about":[{"href":"https:\/\/bierblog.info\/index.php?rest_route=\/wp\/v2\/types\/post"}],"author":[{"embeddable":true,"href":"https:\/\/bierblog.info\/index.php?rest_route=\/wp\/v2\/users\/1"}],"replies":[{"embeddable":true,"href":"https:\/\/bierblog.info\/index.php?rest_route=%2Fwp%2Fv2%2Fcomments&post=3062"}],"version-history":[{"count":2,"href":"https:\/\/bierblog.info\/index.php?rest_route=\/wp\/v2\/posts\/3062\/revisions"}],"predecessor-version":[{"id":7691,"href":"https:\/\/bierblog.info\/index.php?rest_route=\/wp\/v2\/posts\/3062\/revisions\/7691"}],"wp:attachment":[{"href":"https:\/\/bierblog.info\/index.php?rest_route=%2Fwp%2Fv2%2Fmedia&parent=3062"}],"wp:term":[{"taxonomy":"category","embeddable":true,"href":"https:\/\/bierblog.info\/index.php?rest_route=%2Fwp%2Fv2%2Fcategories&post=3062"},{"taxonomy":"post_tag","embeddable":true,"href":"https:\/\/bierblog.info\/index.php?rest_route=%2Fwp%2Fv2%2Ftags&post=3062"}],"curies":[{"name":"wp","href":"https:\/\/api.w.org\/{rel}","templated":true}]}}