{"id":2386,"date":"2016-11-28T13:25:23","date_gmt":"2016-11-28T12:25:23","guid":{"rendered":"http:\/\/bierblog.info\/?p=2386"},"modified":"2016-11-28T13:25:23","modified_gmt":"2016-11-28T12:25:23","slug":"wird-das-bier-aus-belgien-zum-weltkulturerbe","status":"publish","type":"post","link":"https:\/\/bierblog.info\/?p=2386","title":{"rendered":"Wird das Bier aus Belgien zum Weltkulturerbe?"},"content":{"rendered":"<div class=\"shariff\" data-title=\"Wird das Bier aus Belgien zum Weltkulturerbe?\" data-info-url=\"http:\/\/ct.de\/-2467514\" data-backend-url=\"https:\/\/bierblog.info\/wp-content\/plugins\/shariff-sharing\/backend\/index.php\" data-temp=\"\/tmp\" data-ttl=\"60\" data-service=\"gftr\" data-services='[\"googleplus\",\"facebook\",\"twitter\",\"reddit\",\"info\"]' data-image=\"\" data-url=\"https:\/\/bierblog.info\/?p=2386\" data-lang=\"de\" data-theme=\"colored\" data-orientation=\"horizontal\"><\/div><p>Die Deutschen sind bekanntlich stolz auf ihr Bier und das Reinheitsgebot, das in Deutschland einfach zum Bier zu geh\u00f6ren scheint \u2013 zu Recht. Aber Belgisches Bier, die belgische Bierkultur soll \u2013 wenn es nach den belgischen Bierbrauern geht \u2013 zum &#8222;Immateriellen Kulturerbe&#8220; erkl\u00e4rt werden. Ende November tagt das Unesco-Komitee in Addis Abeba, der Hauptstadt von \u00c4thopien. Jean-Louis Van der Perre vom Verband der Brauereien sagt: &#8222;Die Brauereien haben eine Bierkultur geschaffen. Wir haben unsere Kneipen, unsere Museen, unsere Feste, ein Ritual, Bier zu servieren.&#8220; Die Aufnahme in die Liste, die bislang 391 Br\u00e4uche, Darstellungsk\u00fcnste und Handwerkstechniken umfasst, hatte in der letzten Woche bereits eine Expertenkommission empfohlen. Dabei wurde auf die etwa 1500 unterschiedlichen Biere verwiesen, die im kleinen Nachbarland gebraut werden.\n<\/p>\n<p>Ein Gast in einer Bar in Br\u00fcssel sagt zu euronews.com: &#8222;Belgisches Bier geh\u00f6rt zur belgischen Kultur. Es ist jetzt abends um halb sieben und die Kneipe ist voll. Alle trinken Bier, sind gut gelaunt und entspannt. Sich auf ein Bier zu treffen, geh\u00f6rt einfach zu unserer Kultur.&#8220;\n<\/p>\n<p>Das deutsche Bier und die hiesige Bierkultur sind noch nicht soweit. Um Kandidat f\u00fcr das Weltkulturerbe zu werden, muss erst die H\u00fcrde genommen werden, auf die Liste des nationalen Kulturerbes zu kommen. Erst dann ist es m\u00f6glich, sich international zu bewerben. Die folgenden Schritte k\u00f6nnen auch noch einige Jahre in Anspruch nehmen. Die deutschen Brauer geben sich derweil gelassen. Ein Sprecher des deutschen Brauerbundes erkl\u00e4rte gegen\u00fcber AFP, dass die belgischen Biere &#8222;durchaus einen internationalen Ruf&#8220; h\u00e4tten. Sein Verband hege aber die Hoffnung, dass das Brauen von Bier entsprechend dem deutschen Reinheitsgebot in die nationale Liste des immateriellen Kulturerbes aufgenommen werde. <\/p>\n","protected":false},"excerpt":{"rendered":"<p>Die Deutschen sind bekanntlich stolz auf ihr Bier und das Reinheitsgebot, das in Deutschland einfach zum Bier zu geh\u00f6ren scheint \u2013 zu Recht. Aber Belgisches Bier, die belgische Bierkultur soll \u2013 wenn es nach den belgischen Bierbrauern geht \u2013 zum &#8222;Immateriellen Kulturerbe&#8220; erkl\u00e4rt werden. Ende November tagt das Unesco-Komitee in Addis Abeba, der Hauptstadt von [&hellip;]<\/p>\n","protected":false},"author":1,"featured_media":0,"comment_status":"open","ping_status":"open","sticky":false,"template":"","format":"standard","meta":{"jetpack_post_was_ever_published":false,"_jetpack_newsletter_access":"","_jetpack_dont_email_post_to_subs":false,"_jetpack_newsletter_tier_id":0,"_jetpack_memberships_contains_paywalled_content":false,"_jetpack_memberships_contains_paid_content":false,"footnotes":"","jetpack_publicize_message":"","jetpack_publicize_feature_enabled":true,"jetpack_social_post_already_shared":false,"jetpack_social_options":{"image_generator_settings":{"template":"highway","default_image_id":0,"font":"","enabled":false},"version":2}},"categories":[3],"tags":[],"class_list":["post-2386","post","type-post","status-publish","format-standard","hentry","category-news"],"aioseo_notices":[],"jetpack_publicize_connections":[],"jetpack_featured_media_url":"","jetpack_sharing_enabled":true,"jetpack_shortlink":"https:\/\/wp.me\/patIpt-Cu","_links":{"self":[{"href":"https:\/\/bierblog.info\/index.php?rest_route=\/wp\/v2\/posts\/2386","targetHints":{"allow":["GET"]}}],"collection":[{"href":"https:\/\/bierblog.info\/index.php?rest_route=\/wp\/v2\/posts"}],"about":[{"href":"https:\/\/bierblog.info\/index.php?rest_route=\/wp\/v2\/types\/post"}],"author":[{"embeddable":true,"href":"https:\/\/bierblog.info\/index.php?rest_route=\/wp\/v2\/users\/1"}],"replies":[{"embeddable":true,"href":"https:\/\/bierblog.info\/index.php?rest_route=%2Fwp%2Fv2%2Fcomments&post=2386"}],"version-history":[{"count":1,"href":"https:\/\/bierblog.info\/index.php?rest_route=\/wp\/v2\/posts\/2386\/revisions"}],"predecessor-version":[{"id":2387,"href":"https:\/\/bierblog.info\/index.php?rest_route=\/wp\/v2\/posts\/2386\/revisions\/2387"}],"wp:attachment":[{"href":"https:\/\/bierblog.info\/index.php?rest_route=%2Fwp%2Fv2%2Fmedia&parent=2386"}],"wp:term":[{"taxonomy":"category","embeddable":true,"href":"https:\/\/bierblog.info\/index.php?rest_route=%2Fwp%2Fv2%2Fcategories&post=2386"},{"taxonomy":"post_tag","embeddable":true,"href":"https:\/\/bierblog.info\/index.php?rest_route=%2Fwp%2Fv2%2Ftags&post=2386"}],"curies":[{"name":"wp","href":"https:\/\/api.w.org\/{rel}","templated":true}]}}