{"id":2156,"date":"2016-10-11T10:04:23","date_gmt":"2016-10-11T08:04:23","guid":{"rendered":"http:\/\/bierblog.info\/?p=2156"},"modified":"2016-10-11T10:04:23","modified_gmt":"2016-10-11T08:04:23","slug":"die-brau-union-auf-der-alles-fuer-den-gast-herbst","status":"publish","type":"post","link":"https:\/\/bierblog.info\/?p=2156","title":{"rendered":"Die Brau Union auf der Alles f\u00fcr den Gast Herbst"},"content":{"rendered":"<div class=\"shariff\" data-title=\"Die Brau Union auf der Alles f\u00fcr den Gast Herbst\" data-info-url=\"http:\/\/ct.de\/-2467514\" data-backend-url=\"https:\/\/bierblog.info\/wp-content\/plugins\/shariff-sharing\/backend\/index.php\" data-temp=\"\/tmp\" data-ttl=\"60\" data-service=\"gftr\" data-services='[\"googleplus\",\"facebook\",\"twitter\",\"reddit\",\"info\"]' data-image=\"\" data-url=\"https:\/\/bierblog.info\/?p=2156\" data-lang=\"de\" data-theme=\"colored\" data-orientation=\"horizontal\"><\/div><p><img decoding=\"async\" align=\"left\" src=\"http:\/\/bierblog.info\/wp-content\/uploads\/2016\/10\/101116_0804_DieBrauUnio1.png\" alt=\"\"\/>Bald ist es wieder soweit: \u00d6sterreichs gr\u00f6\u00dfte Fachmesse f\u00fcr Gastronomie und Hotellerie l\u00e4dt von 5. bis 9. November Interessierte dazu ein, sich \u00fcber die neuesten Trends in der Branche zu informieren. Auch die Brau Union \u00d6sterreich ist im Messezentrum Salzburg mit einem einladenden Stand (Halle 10, Stand 120) vertreten.\n<\/p>\n<p>Einen der Schwerpunkte setzt die Brau Union \u00d6sterreich auch in diesem Jahr auf Bierspezialit\u00e4ten, die an einem eigenen Craft Bier Treffpunkt vorgestellt werden.\n<\/p>\n<p>Einen lohnenden Startpunkt der Messe setzt die Brau Union \u00d6sterreich am ersten Messetag, Samstag, den 5.11., mit dem Anstich eines frischen Fasses G\u00f6sser Bier direkt am Stand.\n<\/p>\n<h2>Messestand setzt Ma\u00dfst\u00e4be: Bierspezialit\u00e4ten f\u00fcr alle Anspr\u00fcche sowie neue Kategorien<br \/>\n<\/h2>\n<p>Bereits der Messestand der Brau Union \u00d6sterreich ist ein Blickfang: Auf insgesamt zwei Stockwerken werden die einzelnen Marken pr\u00e4sentiert, R\u00fcckzugsorte stehen f\u00fcr pers\u00f6nliche Kundengespr\u00e4che zur Verf\u00fcgung. Der Stand repr\u00e4sentiert die unterschiedlichen Gastronomietypen mit ihren jeweiligen Biermarken: Gasthaus, Pub\/Beisl und Bar bzw. Caf\u00e8.\n<\/p>\n<p>Als typische Gasthaus-Biere werden die Sorten der Marke G\u00f6sser gezeigt. Auch das Kaiser Premium, das Kaltenhausen Original, das Edelweiss Hofbr\u00e4u oder das Schladminger BioZwickl erfreuen die BesucherInnen. F\u00fcr die Pub- und Beislkultur typisch, werden unter anderem das Zipfer Urtyp, das vollmundige Zipfer DREI, ein Lightbier mit nur drei Prozent Alkohol, oder auch das Schwechater Zwickl und das Wieselburger Spezial auf Interessierte warten. Auch das neue Radler-Duo aus Puntigam, der klassische Zwei Radler und der alkoholfreie Frei Radler stehen zur Verkostung bereit. Im Bereich Bar bzw. Caf\u00e9 finden haupts\u00e4chlich Heineken und Desperados ihren Platz.\n<\/p>\n<p>Am Interessantesten ist vermutlich f\u00fcr viele Besuche der Spezialit\u00e4tenstand der Brau Union \u00d6sterreich, dem Craft Bier Treffpunkt. Dort werden etwa die neuen Spezialit\u00e4ten aus den Brauereien G\u00f6ss und Zipf vorgestellt \u2013 die G\u00f6sser Brausch\u00e4tze, ein Helles und ein Dunkles Stifts-Zwickl, sowie die Zipfer Meisterwerke, ein Pils und ein Pale Ale mit dem Hopfen des Jahres &#8222;Calypso&#8220;. Au\u00dferdem k\u00f6nnen hier Spezialit\u00e4ten aus Kaltenhausen \u2013 wie die Sonderedition &#8222;Gandolf&#8220; und eine ganz exquisite \u00dcberraschung f\u00fcr die Messebesucher \u2013 ebenso verkostet werden wie das Wieselburger Schwarzbier, das Schwechater Wiener Lager oder das belgische Abteibier Affligem.<\/p>\n","protected":false},"excerpt":{"rendered":"<p>Bald ist es wieder soweit: \u00d6sterreichs gr\u00f6\u00dfte Fachmesse f\u00fcr Gastronomie und Hotellerie l\u00e4dt von 5. bis 9. November Interessierte dazu ein, sich \u00fcber die neuesten Trends in der Branche zu informieren. Auch die Brau Union \u00d6sterreich ist im Messezentrum Salzburg mit einem einladenden Stand (Halle 10, Stand 120) vertreten. Einen der Schwerpunkte setzt die Brau [&hellip;]<\/p>\n","protected":false},"author":1,"featured_media":0,"comment_status":"open","ping_status":"open","sticky":false,"template":"","format":"standard","meta":{"jetpack_post_was_ever_published":false,"_jetpack_newsletter_access":"","_jetpack_dont_email_post_to_subs":false,"_jetpack_newsletter_tier_id":0,"_jetpack_memberships_contains_paywalled_content":false,"_jetpack_memberships_contains_paid_content":false,"footnotes":"","jetpack_publicize_message":"","jetpack_publicize_feature_enabled":true,"jetpack_social_post_already_shared":false,"jetpack_social_options":{"image_generator_settings":{"template":"highway","default_image_id":0,"font":"","enabled":false},"version":2}},"categories":[3],"tags":[],"class_list":["post-2156","post","type-post","status-publish","format-standard","hentry","category-news"],"aioseo_notices":[],"jetpack_publicize_connections":[],"jetpack_featured_media_url":"","jetpack_sharing_enabled":true,"jetpack_shortlink":"https:\/\/wp.me\/patIpt-yM","_links":{"self":[{"href":"https:\/\/bierblog.info\/index.php?rest_route=\/wp\/v2\/posts\/2156","targetHints":{"allow":["GET"]}}],"collection":[{"href":"https:\/\/bierblog.info\/index.php?rest_route=\/wp\/v2\/posts"}],"about":[{"href":"https:\/\/bierblog.info\/index.php?rest_route=\/wp\/v2\/types\/post"}],"author":[{"embeddable":true,"href":"https:\/\/bierblog.info\/index.php?rest_route=\/wp\/v2\/users\/1"}],"replies":[{"embeddable":true,"href":"https:\/\/bierblog.info\/index.php?rest_route=%2Fwp%2Fv2%2Fcomments&post=2156"}],"version-history":[{"count":1,"href":"https:\/\/bierblog.info\/index.php?rest_route=\/wp\/v2\/posts\/2156\/revisions"}],"predecessor-version":[{"id":2157,"href":"https:\/\/bierblog.info\/index.php?rest_route=\/wp\/v2\/posts\/2156\/revisions\/2157"}],"wp:attachment":[{"href":"https:\/\/bierblog.info\/index.php?rest_route=%2Fwp%2Fv2%2Fmedia&parent=2156"}],"wp:term":[{"taxonomy":"category","embeddable":true,"href":"https:\/\/bierblog.info\/index.php?rest_route=%2Fwp%2Fv2%2Fcategories&post=2156"},{"taxonomy":"post_tag","embeddable":true,"href":"https:\/\/bierblog.info\/index.php?rest_route=%2Fwp%2Fv2%2Ftags&post=2156"}],"curies":[{"name":"wp","href":"https:\/\/api.w.org\/{rel}","templated":true}]}}