{"id":1952,"date":"2016-07-30T07:55:10","date_gmt":"2016-07-30T07:55:10","guid":{"rendered":"http:\/\/bierblog.info\/?p=1952"},"modified":"2017-12-30T12:03:24","modified_gmt":"2017-12-30T11:03:24","slug":"dinkelacker-fruehlingsfestbier","status":"publish","type":"post","link":"https:\/\/bierblog.info\/?p=1952","title":{"rendered":"Dinkelacker Fr\u00fchlingsfestbier"},"content":{"rendered":"<div class=\"shariff\" data-title=\"Dinkelacker Fr\u00fchlingsfestbier\" data-info-url=\"http:\/\/ct.de\/-2467514\" data-backend-url=\"https:\/\/bierblog.info\/wp-content\/plugins\/shariff-sharing\/backend\/index.php\" data-temp=\"\/tmp\" data-ttl=\"60\" data-service=\"gftr\" data-services='[\"googleplus\",\"facebook\",\"twitter\",\"reddit\",\"info\"]' data-image=\"\" data-url=\"https:\/\/bierblog.info\/?p=1952\" data-lang=\"de\" data-theme=\"colored\" data-orientation=\"horizontal\"><\/div><p><img decoding=\"async\" src=\"http:\/\/bierblog.info\/wp-content\/uploads\/2016\/07\/073016_0755_Dinkelacker1.png\" alt=\"\" align=\"left\" \/>Ja, ich wei\u00df \u2013 wir haben Ende Juli und der Fr\u00fchling ist lange vorbei, aber ich habe das Dinkelacker Fr\u00fchlingsfestbier erst k\u00fcrzlich erstmals gesehen. Und vermutlich ist im n\u00e4chsten Jahr erneut Fr\u00fchling und es wird wieder ein Festbier aus Stuttgart geben. Daher bin ich mit dieser Rezension eigentlich ganz sch\u00f6n fr\u00fch dran, oder? Das Etikett verspricht schon mal sehr viel: &#8222;Diese s\u00fcffige Festbierspezialit\u00e4t von malzgoldener Farbe passt wunderbar zu den ersten Sonnenstrahlen des Fr\u00fchlings. 1\u00df\u00df % regionale Zutaten, ein einzigartiges Brauverfahren und die Leidenschaft unserer Braumeister lassen die Geschmacksknospen aufbl\u00fchen.&#8220;<\/p>\n<p>Intensiv golden mit einem leichten Rotstich zeigt sich das Bier im Glas. Dazu kommt reichlich Kohlens\u00e4ure. Es bildet sich eine durchschnittliche Menge cremiger wei\u00dfer Schaum, der lange erhalten bleibt. Optisch hat die Brauerei also nichts falsch gemacht.<\/p>\n<p>Das Aroma ist malzig, was ich eigentlich ganz gerne mag. In diesem Fall vermisse ich aber irgendwie die Aromen des Hopfens. Entsprechend des Duftes darf ich mich also auf ein mildes Bier freuen. Mal sehen, ob diese Erwartung auf der Zunge erf\u00fcllt wird. Der Antrunk ist recht s\u00fc\u00df und intensiv. Ohne die reichlich vorhandene feinperlige Kohlens\u00e4ure w\u00e4re er vermutlich nicht angenehm, aber so wirkt der Antrunk schon mal ausgeglichen. Wie erwartet ist der K\u00f6rper malzbetont und ebenfalls intensiv und vollmundig. Jetzt kommen auch die ersten bitteren Noten durch, die mit der reichlich vorhandenen S\u00fc\u00dfe perfekt abgestimmt sind. Der Abgang ist dann \u00fcberraschend mild, klingt aber lange nach.<\/p>\n<p>Mein Fazit? Ein \u00fcberraschend gutes M\u00e4rzen, bei dem die Etiketten nicht zu viel versprechen. Da k\u00f6nnen wir uns schon mal auf das n\u00e4chste Fr\u00fchjahr freuen.<\/p>\n<h3>Zutaten:<\/h3>\n<p>Brauwasser, Gerstenmalz, Hopfen<\/p>\n<h3>Alkoholgehalt:<\/h3>\n<p>5,7 % Vol.<\/p>\n<h3>Stammw\u00fcrze:<\/h3>\n<p>13,3 %<\/p>\n<h3>Brauerei:<\/h3>\n<p>Familienbrauerei Dinkelacker<br \/>\n70178 Stuttgart<br \/>\n<a href=\"http:\/\/www.familienbrauerei-dinkelacker.de\">www.familienbrauerei-dinkelacker.de<\/a><\/p>\n","protected":false},"excerpt":{"rendered":"<p>Ja, ich wei\u00df \u2013 wir haben Ende Juli und der Fr\u00fchling ist lange vorbei, aber ich habe das Dinkelacker Fr\u00fchlingsfestbier erst k\u00fcrzlich erstmals gesehen. Und vermutlich ist im n\u00e4chsten Jahr erneut Fr\u00fchling und es wird wieder ein Festbier aus Stuttgart geben. Daher bin ich mit dieser Rezension eigentlich ganz sch\u00f6n fr\u00fch dran, oder? Das Etikett [&hellip;]<\/p>\n","protected":false},"author":1,"featured_media":0,"comment_status":"open","ping_status":"open","sticky":false,"template":"","format":"standard","meta":{"jetpack_post_was_ever_published":false,"_jetpack_newsletter_access":"","_jetpack_dont_email_post_to_subs":false,"_jetpack_newsletter_tier_id":0,"_jetpack_memberships_contains_paywalled_content":false,"_jetpack_memberships_contains_paid_content":false,"footnotes":"","jetpack_publicize_message":"","jetpack_publicize_feature_enabled":true,"jetpack_social_post_already_shared":false,"jetpack_social_options":{"image_generator_settings":{"template":"highway","default_image_id":0,"font":"","enabled":false},"version":2}},"categories":[11],"tags":[70,10,57],"class_list":["post-1952","post","type-post","status-publish","format-standard","hentry","category-biertest","tag-baden-wuerttemberg","tag-deutschland","tag-maerzen"],"aioseo_notices":[],"jetpack_publicize_connections":[],"jetpack_featured_media_url":"","jetpack_sharing_enabled":true,"jetpack_shortlink":"https:\/\/wp.me\/patIpt-vu","_links":{"self":[{"href":"https:\/\/bierblog.info\/index.php?rest_route=\/wp\/v2\/posts\/1952","targetHints":{"allow":["GET"]}}],"collection":[{"href":"https:\/\/bierblog.info\/index.php?rest_route=\/wp\/v2\/posts"}],"about":[{"href":"https:\/\/bierblog.info\/index.php?rest_route=\/wp\/v2\/types\/post"}],"author":[{"embeddable":true,"href":"https:\/\/bierblog.info\/index.php?rest_route=\/wp\/v2\/users\/1"}],"replies":[{"embeddable":true,"href":"https:\/\/bierblog.info\/index.php?rest_route=%2Fwp%2Fv2%2Fcomments&post=1952"}],"version-history":[{"count":4,"href":"https:\/\/bierblog.info\/index.php?rest_route=\/wp\/v2\/posts\/1952\/revisions"}],"predecessor-version":[{"id":4498,"href":"https:\/\/bierblog.info\/index.php?rest_route=\/wp\/v2\/posts\/1952\/revisions\/4498"}],"wp:attachment":[{"href":"https:\/\/bierblog.info\/index.php?rest_route=%2Fwp%2Fv2%2Fmedia&parent=1952"}],"wp:term":[{"taxonomy":"category","embeddable":true,"href":"https:\/\/bierblog.info\/index.php?rest_route=%2Fwp%2Fv2%2Fcategories&post=1952"},{"taxonomy":"post_tag","embeddable":true,"href":"https:\/\/bierblog.info\/index.php?rest_route=%2Fwp%2Fv2%2Ftags&post=1952"}],"curies":[{"name":"wp","href":"https:\/\/api.w.org\/{rel}","templated":true}]}}