{"id":1694,"date":"2016-03-21T11:01:23","date_gmt":"2016-03-21T11:01:23","guid":{"rendered":"http:\/\/bierblog.info\/?p=1694"},"modified":"2016-03-22T04:43:42","modified_gmt":"2016-03-22T04:43:42","slug":"das-mieseste-bier-deutschlands","status":"publish","type":"post","link":"https:\/\/bierblog.info\/?p=1694","title":{"rendered":"Das mieseste Bier Deutschlands"},"content":{"rendered":"<div class=\"shariff\" data-title=\"Das mieseste Bier Deutschlands\" data-info-url=\"http:\/\/ct.de\/-2467514\" data-backend-url=\"https:\/\/bierblog.info\/wp-content\/plugins\/shariff-sharing\/backend\/index.php\" data-temp=\"\/tmp\" data-ttl=\"60\" data-service=\"gftr\" data-services='[\"googleplus\",\"facebook\",\"twitter\",\"reddit\",\"info\"]' data-image=\"\" data-url=\"https:\/\/bierblog.info\/?p=1694\" data-lang=\"de\" data-theme=\"colored\" data-orientation=\"horizontal\"><\/div><p><span style=\"font-family:Times New Roman; font-size:12pt\">Der Rechtsradikalismus treibt in der letzten Zeit in Deutschland merkw\u00fcrdige Bl\u00fcten. Da wird gefordert, dass die Menschen, die vor Krieg und Vernichtung fl\u00fcchten, an der Grenze erschossen werden sollen, die schrottreifen Boote, in denen die Menschen nach Griechenland kommen, sollen am Anlanden gehindert werden, die Grenzen sollen dichtgemacht werden\u2026 Und jetzt setzt die Brauerei R\u00f6hrl aus dem niederbayerischen Straubing noch einen drauf: das Grenzzaun-Bier.<br \/>\n<\/span><\/p>\n<p><span style=\"font-family:Times New Roman; font-size:12pt\">Auf braunem Etikett wird in Fraktur-Schrift das zumindest umstrittene Wort Grenzzaun gedruckt. Dabei erinnern die beiden &#8222;z&#8220; nicht nur mich an die SS-Runen. Bis zu diesem Punkt k\u00f6nnten wir das ja alles noch als &#8222;dumm gelaufen&#8220; betrachten. Braunes Papier ist nicht per se etwas Schlechtes und auch wenn die Frakturschrift seit 1945 nicht mehr allgemein gebr\u00e4uchlich ist, wird sie noch ab und an genutzt, um auf althergebrachte Produkte und Tradition hinzuweisen. Aber es kommt noch h\u00e4rter:<br \/>\n<\/span><\/p>\n<p><span style=\"font-family:Times New Roman; font-size:12pt\"><span style=\"color:#191919\">Auf dem R\u00fcckenetikett k\u00f6nnen wir neben &#8222;Besch\u00fctzen, verteidigen, bewahren&#8220; noch Schlagworte wie &#8222;Heimatverbundenheit&#8220; und\u00a0&#8222;Mir samma mia&#8220; lesen. Dazu passt dann auch das Totenkopf-Logo, das Brauerei daneben gedruckt hat.\u00a0Und als w\u00e4re das noch nicht genug, gibt die Brauerei als Mindesthaltbarkeitsdatum noch den 9. November an, den Jahrestag der Reichsprogromnacht. Ich wei\u00df nicht, ob es mit der Brauerei abgesprochen ist, aber einige Gesch\u00e4fte verkaufen die &#8222;Grenzzaun Halbe&#8220; f\u00fcr 88 Cent. Die 88 ist in rechtsradikalen Kreisen das Akronym f\u00fcr den Hitler-Gru\u00df. <\/span><br \/>\n\t\t<\/span><\/p>\n<p><span style=\"font-family:Times New Roman; font-size:12pt\"><span style=\"color:#191919\">Mit meiner Kritik an diesem Bier stehe ich nicht alleine. Hier noch einige Zitate: <\/span><br \/>\n\t\t<\/span><\/p>\n<p><span style=\"font-family:Times New Roman; font-size:12pt\">&#8222;Einem Unternehmen, das mit Volkst\u00fcmelei und unqualifizierten Beitr\u00e4gen zur politischen Meinungsbildung auf sich Aufmerksam macht, sollte auf unserem Campus keine M\u00f6glichkeit gegeben werden, Profit zu erwirtschaften.&#8220; Leon Struve, Asta Regensburg<br \/>\n<\/span><\/p>\n<p><span style=\"font-family:Times New Roman; font-size:12pt\">&#8222;Das Bier ist eine Provokation und N\u00e4hrboden f\u00fcr rechte Ideen. Und es hat mit Humor oder bayerischen Werten rein gar nichts zu tun.&#8220; Verena F\u00fccker, Online-Redakteurin \/ Autorin beim BR<br \/>\n<\/span><\/p>\n<p><span style=\"font-family:Times New Roman; font-size:12pt\">&#8222;Abscheulich&#8220; findet dieses Gebaren auch Hubert Hierl. Der ist nicht nur der fr\u00fchere Leiter der Bayerischen Vertretung in Berlin, sondern auch CSU-Stadtrat und Festreferent in der Bierstadt Freising. &#8222;Wir brauchen so was nicht.&#8220; Quelle: Merkur.de<br \/>\n<\/span><\/p>\n<p><span style=\"font-family:Times New Roman; font-size:12pt\">Update: Wie nicht anders zu erwarten findet die AfD dieses menschenverachtende Bier gut. Nadine Randak, ASTA-Sprecherin sagt lt. BR online dazu: &#8222;Zum Beispiel hat sich auch der AfD-Kreis Deggendorf dazu positioniert und hat geschrieben, dass er das super findet. So ein rechts-gesinntes Klientel passt nicht an die Uni, die den Anspruch hat, weltoffen zu sein. Das Bier und die Brauerei haben an der Uni keinen Platz.&#8220;<\/span><\/p>\n","protected":false},"excerpt":{"rendered":"<p>Der Rechtsradikalismus treibt in der letzten Zeit in Deutschland merkw\u00fcrdige Bl\u00fcten. Da wird gefordert, dass die Menschen, die vor Krieg und Vernichtung fl\u00fcchten, an der Grenze erschossen werden sollen, die schrottreifen Boote, in denen die Menschen nach Griechenland kommen, sollen am Anlanden gehindert werden, die Grenzen sollen dichtgemacht werden\u2026 Und jetzt setzt die Brauerei R\u00f6hrl [&hellip;]<\/p>\n","protected":false},"author":1,"featured_media":0,"comment_status":"open","ping_status":"open","sticky":false,"template":"","format":"standard","meta":{"jetpack_post_was_ever_published":false,"_jetpack_newsletter_access":"","_jetpack_dont_email_post_to_subs":false,"_jetpack_newsletter_tier_id":0,"_jetpack_memberships_contains_paywalled_content":false,"_jetpack_memberships_contains_paid_content":false,"footnotes":"","jetpack_publicize_message":"","jetpack_publicize_feature_enabled":true,"jetpack_social_post_already_shared":false,"jetpack_social_options":{"image_generator_settings":{"template":"highway","default_image_id":0,"font":"","enabled":false},"version":2}},"categories":[3],"tags":[],"class_list":["post-1694","post","type-post","status-publish","format-standard","hentry","category-news"],"aioseo_notices":[],"jetpack_publicize_connections":[],"jetpack_featured_media_url":"","jetpack_sharing_enabled":true,"jetpack_shortlink":"https:\/\/wp.me\/patIpt-rk","_links":{"self":[{"href":"https:\/\/bierblog.info\/index.php?rest_route=\/wp\/v2\/posts\/1694","targetHints":{"allow":["GET"]}}],"collection":[{"href":"https:\/\/bierblog.info\/index.php?rest_route=\/wp\/v2\/posts"}],"about":[{"href":"https:\/\/bierblog.info\/index.php?rest_route=\/wp\/v2\/types\/post"}],"author":[{"embeddable":true,"href":"https:\/\/bierblog.info\/index.php?rest_route=\/wp\/v2\/users\/1"}],"replies":[{"embeddable":true,"href":"https:\/\/bierblog.info\/index.php?rest_route=%2Fwp%2Fv2%2Fcomments&post=1694"}],"version-history":[{"count":2,"href":"https:\/\/bierblog.info\/index.php?rest_route=\/wp\/v2\/posts\/1694\/revisions"}],"predecessor-version":[{"id":1697,"href":"https:\/\/bierblog.info\/index.php?rest_route=\/wp\/v2\/posts\/1694\/revisions\/1697"}],"wp:attachment":[{"href":"https:\/\/bierblog.info\/index.php?rest_route=%2Fwp%2Fv2%2Fmedia&parent=1694"}],"wp:term":[{"taxonomy":"category","embeddable":true,"href":"https:\/\/bierblog.info\/index.php?rest_route=%2Fwp%2Fv2%2Fcategories&post=1694"},{"taxonomy":"post_tag","embeddable":true,"href":"https:\/\/bierblog.info\/index.php?rest_route=%2Fwp%2Fv2%2Ftags&post=1694"}],"curies":[{"name":"wp","href":"https:\/\/api.w.org\/{rel}","templated":true}]}}