{"id":10390,"date":"2021-02-14T13:36:06","date_gmt":"2021-02-14T11:36:06","guid":{"rendered":"https:\/\/bierblog.info\/?p=10390"},"modified":"2021-02-14T13:36:06","modified_gmt":"2021-02-14T11:36:06","slug":"5-jahre-kraftpaule-die-virtuelle-kraftpaule-jubilaeumsshow-the-future-is-now","status":"publish","type":"post","link":"https:\/\/bierblog.info\/?p=10390","title":{"rendered":"5 Jahre Kraftpaule \/ Die virtuelle Kraftpaule-Jubil\u00e4umsshow \u201eThe future is now\u201c"},"content":{"rendered":"<div class=\"shariff\" data-title=\"5 Jahre Kraftpaule \/ Die virtuelle Kraftpaule-Jubil\u00e4umsshow \u201eThe future is now\u201c\" data-info-url=\"http:\/\/ct.de\/-2467514\" data-backend-url=\"https:\/\/bierblog.info\/wp-content\/plugins\/shariff-sharing\/backend\/index.php\" data-temp=\"\/tmp\" data-ttl=\"60\" data-service=\"gftr\" data-services='[\"googleplus\",\"facebook\",\"twitter\",\"reddit\",\"info\"]' data-image=\"\" data-url=\"https:\/\/bierblog.info\/?p=10390\" data-lang=\"de\" data-theme=\"colored\" data-orientation=\"horizontal\"><\/div><p>Nun sind wir bereits im zweiten Corona-Jahr und ein Ende ist immer noch nicht abzusehen. Vielen von uns fehlen die Kontakte, die wir bei Offline-Bierfesten, bei Verkostungen und in der Kneipe gekn\u00fcpft haben. Die Online-Verkostungen, die jetzt viele Brauereien und Bierh\u00e4ndler anbieten, k\u00f6nnen nur ein schwacher Trost f\u00fcr den Verlust sein. Aber es geht noch mehr. Das will die Craft Beer-Bar Kraftpaule aus Stuttgart am n\u00e4chsten Samstag unter Beweis stellen. Wie das?\n<\/p>\n<p>Zun\u00e4chst ein kleiner R\u00fcckblick:\n<\/p>\n<p>Wir schreiben das Jahr 2015. Die Stuttgarter Region leidet an Industriebieru\u0308berflutung und massivster Unterhopfung. Doch die Rettung naht: Die Biernerds vom Kraftpaule er\u00f6ffnen die erste Craft Beer Bar am Stuttgarter St\u00f6ckach!\n<\/p>\n<p>Mittlerweile sind fu\u0308nf Jahre vergangen, der Kampf gegen die finanziell schwer bewaffnete Bierindustrie und die regionale Unterhopfung ist eine \u201aneverending story&#8216;, aber aus der Eckkneipe mit Schwerpunkt Craft Beer ist mittlerweile eine feste Gr\u00f6\u00dfe in der Stuttgarter Ausgehkultur geworden, mit eigenen, schmackhaften Biersorten, einer gro\u00dfartigen Fangemeinde und einem bunten Veranstaltungsprogramm.\n<\/p>\n<p>Wir schreiben heute das Jahr 2021 und der Kraftpaule wird fu\u0308nf Jahre jung! &#8222;Wir h\u00e4tten nicht gedacht, dass es nach den ersten drei turbulenten Jahren mit der aktuellen Pandemie noch wahnsinniger werden k\u00f6nnte&#8220;, schildert Kraftpaule-Kopf Thorsten Schw\u00e4mmle. &#8222;Aber noch einmal lassen wir uns unsere Jubil\u00e4umsfeier nicht nehmen und feiern deshalb ganz futurem\u00e4\u00dfig online!&#8220; Wie auch bei unserer &#8222;Virtuellen Kneipe&#8220; wird es die passende Tastingbox mit 10 Bieren zum mitmachen geben. Diese k\u00f6nnt ihr euch unter <span style=\"color:#106dd7\">www.kraftpaule.de <\/span>zur Abholung oder Lieferung nach Hause bestellen. Passend zum Anlass natu\u0308rlich mit allen verfu\u0308gbaren Kraftpaule-Bieren, unter anderem auch dem neuen &#8222;Sensationellen Pils&#8220; und &#8222;Dunkles&#8220;, sowie ausgesuchten Spezialit\u00e4ten von treuen Wegbegleitern der letzten Jahre. Wie immer liebevoll zusammengestellt unter der Pr\u00e4misse:&#8220;Geringer Trinkwiderstand und h\u00f6chster Geschmack&#8220;.\n<\/p>\n<p>Selbstverst\u00e4ndlich darf auch die passende Livemusik nicht fehlen! Mit B\u00d6LTER wurde ein Blues &amp; Folkmusiker der Extraklasse eingeladen, der 2013 als Teilnehmer der TV-Casting-Show &#8222;The Voice of Germany&#8220; einem Millionenpublikum bekannt wurde. Ein Gitarrenvirtuose, der unter anderem den Robert-Johnson-Guitar-Award und den Deutschen Rock-&amp;-Pop-Preis gewonnen hat. Wie es der Zufall will, ist er aktuell im Studio und wird dementsprechend mit seinem Trio einen Mix aus alten und richtig neuen Songs spielen.\n<\/p>\n<p>Das soll aber noch nicht alles sein, denn wir werden befreundete Brauer live zuschalten, es wird ein Gewinnspiel geben und selbstverst\u00e4ndlich allerlei Schabernack. Es erwartet die virtuellen Besucher also eine bunte Kraftpaule-Feierei. In diesem Sinne: &#8222;The future is now!&#8220;\n<\/p>\n<p>Weitere Informationen finden Sie unter:\n<\/p>\n<p><a href=\"http:\/\/www.kraftpaule.de\/5Jahre\">www.kraftpaule.de\/5Jahre<\/a>\n\t<\/p>\n<p>Das Event wird am Samstag, 20.03.2021, ab 20 Uhr auf <a href=\"http:\/\/www.kraftpaule.de\">www.kraftpaule.de<\/a> stattfinden.<\/p>\n","protected":false},"excerpt":{"rendered":"<p>Nun sind wir bereits im zweiten Corona-Jahr und ein Ende ist immer noch nicht abzusehen. Vielen von uns fehlen die Kontakte, die wir bei Offline-Bierfesten, bei Verkostungen und in der Kneipe gekn\u00fcpft haben. Die Online-Verkostungen, die jetzt viele Brauereien und Bierh\u00e4ndler anbieten, k\u00f6nnen nur ein schwacher Trost f\u00fcr den Verlust sein. Aber es geht noch [&hellip;]<\/p>\n","protected":false},"author":1,"featured_media":0,"comment_status":"open","ping_status":"open","sticky":false,"template":"","format":"standard","meta":{"jetpack_post_was_ever_published":false,"_jetpack_newsletter_access":"","_jetpack_dont_email_post_to_subs":false,"_jetpack_newsletter_tier_id":0,"_jetpack_memberships_contains_paywalled_content":false,"_jetpack_memberships_contains_paid_content":false,"footnotes":"","jetpack_publicize_message":"","jetpack_publicize_feature_enabled":true,"jetpack_social_post_already_shared":true,"jetpack_social_options":{"image_generator_settings":{"template":"highway","default_image_id":0,"font":"","enabled":false},"version":2}},"categories":[48],"tags":[],"class_list":["post-10390","post","type-post","status-publish","format-standard","hentry","category-bierfeste"],"aioseo_notices":[],"jetpack_publicize_connections":[],"jetpack_featured_media_url":"","jetpack_sharing_enabled":true,"jetpack_shortlink":"https:\/\/wp.me\/patIpt-2HA","_links":{"self":[{"href":"https:\/\/bierblog.info\/index.php?rest_route=\/wp\/v2\/posts\/10390","targetHints":{"allow":["GET"]}}],"collection":[{"href":"https:\/\/bierblog.info\/index.php?rest_route=\/wp\/v2\/posts"}],"about":[{"href":"https:\/\/bierblog.info\/index.php?rest_route=\/wp\/v2\/types\/post"}],"author":[{"embeddable":true,"href":"https:\/\/bierblog.info\/index.php?rest_route=\/wp\/v2\/users\/1"}],"replies":[{"embeddable":true,"href":"https:\/\/bierblog.info\/index.php?rest_route=%2Fwp%2Fv2%2Fcomments&post=10390"}],"version-history":[{"count":1,"href":"https:\/\/bierblog.info\/index.php?rest_route=\/wp\/v2\/posts\/10390\/revisions"}],"predecessor-version":[{"id":10391,"href":"https:\/\/bierblog.info\/index.php?rest_route=\/wp\/v2\/posts\/10390\/revisions\/10391"}],"wp:attachment":[{"href":"https:\/\/bierblog.info\/index.php?rest_route=%2Fwp%2Fv2%2Fmedia&parent=10390"}],"wp:term":[{"taxonomy":"category","embeddable":true,"href":"https:\/\/bierblog.info\/index.php?rest_route=%2Fwp%2Fv2%2Fcategories&post=10390"},{"taxonomy":"post_tag","embeddable":true,"href":"https:\/\/bierblog.info\/index.php?rest_route=%2Fwp%2Fv2%2Ftags&post=10390"}],"curies":[{"name":"wp","href":"https:\/\/api.w.org\/{rel}","templated":true}]}}