{"id":1034,"date":"2015-08-04T11:39:14","date_gmt":"2015-08-04T11:39:14","guid":{"rendered":"http:\/\/bierblog.info\/?p=1034"},"modified":"2015-08-04T11:39:14","modified_gmt":"2015-08-04T11:39:14","slug":"ganter-feiert-150jaehriges-firmenjubilaeum","status":"publish","type":"post","link":"https:\/\/bierblog.info\/?p=1034","title":{"rendered":"Ganter feiert 150j\u00e4hriges Firmenjubil\u00e4um"},"content":{"rendered":"<div class=\"shariff\" data-title=\"Ganter feiert 150j\u00e4hriges Firmenjubil\u00e4um\" data-info-url=\"http:\/\/ct.de\/-2467514\" data-backend-url=\"https:\/\/bierblog.info\/wp-content\/plugins\/shariff-sharing\/backend\/index.php\" data-temp=\"\/tmp\" data-ttl=\"60\" data-service=\"gftr\" data-services='[\"googleplus\",\"facebook\",\"twitter\",\"reddit\",\"info\"]' data-image=\"\" data-url=\"https:\/\/bierblog.info\/?p=1034\" data-lang=\"de\" data-theme=\"colored\" data-orientation=\"horizontal\"><\/div><p><img decoding=\"async\" align=\"left\" src=\"http:\/\/bierblog.info\/wp-content\/uploads\/2015\/08\/080415_1139_Ganterfeier1.jpg\" alt=\"\"\/><span style=\"font-size:1pt\"><br \/>\n\t\t<\/span>Es ist ein recht seltenes Firmenjubil\u00e4um, das Ganter-Br\u00e4u am letzten Augustjubil\u00e4um feiert \u2013 die Brauerei aus Freiburg wird 150 Jahre alt. Na, wenn das kein Grund ist, das eine oder andere Fass aufzumachen. Dies geschieht am Samstag, 29. August in der Zeit von 12:00 bis 24:00 Uhr und am Sonntag von 11:00 bis 22:00 Uhr. Das Motto des gro\u00dfen Fest-Wochenendes ist keine \u00dcberraschung: 150 Jahre Biergenuss! Die Freiburger Familienbrauerei l\u00e4dt dazu zum Ende des Hochsommers auf ihr Brauereigel\u00e4nde ein. Wie sich&#8217;s f\u00fcr ein derartiges Jubil\u00e4um geb\u00fchrt, k\u00f6nnen sich die Besucher auf ein richtig z\u00fcnftiges rundum heiteres Fest freuen, mit viel abwechslungsreicher Musik unterschiedlicher Gruppen aus der Region. Das erste Freiburger &#8222;Essg\u00e4ssle&#8220; (Badisch f\u00fcr &#8222;Streetfood&#8220;) mit vielen Anbietern wartet ebenfalls auf die Besucher mit seinen Spezialit\u00e4ten und K\u00f6stlichkeiten. Und nat\u00fcrlich den guten GANTER-Bieren, unverzichtbare Begleitung zum guten Essen.\n<\/p>\n<p>Es soll aber nicht nur um Bier, Spa\u00df und Feiern gehen, sondern an diesem Wochenende werden auch Spenden f\u00fcr die Bergwacht Schwarzwald (Ortsgruppe Freiburg) gesammelt. Auf jeden Fall eine gute Sache. <\/p>\n","protected":false},"excerpt":{"rendered":"<p>Es ist ein recht seltenes Firmenjubil\u00e4um, das Ganter-Br\u00e4u am letzten Augustjubil\u00e4um feiert \u2013 die Brauerei aus Freiburg wird 150 Jahre alt. Na, wenn das kein Grund ist, das eine oder andere Fass aufzumachen. Dies geschieht am Samstag, 29. August in der Zeit von 12:00 bis 24:00 Uhr und am Sonntag von 11:00 bis 22:00 Uhr. [&hellip;]<\/p>\n","protected":false},"author":1,"featured_media":0,"comment_status":"open","ping_status":"open","sticky":false,"template":"","format":"standard","meta":{"jetpack_post_was_ever_published":false,"_jetpack_newsletter_access":"","_jetpack_dont_email_post_to_subs":false,"_jetpack_newsletter_tier_id":0,"_jetpack_memberships_contains_paywalled_content":false,"_jetpack_memberships_contains_paid_content":false,"footnotes":"","jetpack_publicize_message":"","jetpack_publicize_feature_enabled":true,"jetpack_social_post_already_shared":false,"jetpack_social_options":{"image_generator_settings":{"template":"highway","default_image_id":0,"font":"","enabled":false},"version":2}},"categories":[48],"tags":[],"class_list":["post-1034","post","type-post","status-publish","format-standard","hentry","category-bierfeste"],"aioseo_notices":[],"jetpack_publicize_connections":[],"jetpack_featured_media_url":"","jetpack_sharing_enabled":true,"jetpack_shortlink":"https:\/\/wp.me\/patIpt-gG","_links":{"self":[{"href":"https:\/\/bierblog.info\/index.php?rest_route=\/wp\/v2\/posts\/1034","targetHints":{"allow":["GET"]}}],"collection":[{"href":"https:\/\/bierblog.info\/index.php?rest_route=\/wp\/v2\/posts"}],"about":[{"href":"https:\/\/bierblog.info\/index.php?rest_route=\/wp\/v2\/types\/post"}],"author":[{"embeddable":true,"href":"https:\/\/bierblog.info\/index.php?rest_route=\/wp\/v2\/users\/1"}],"replies":[{"embeddable":true,"href":"https:\/\/bierblog.info\/index.php?rest_route=%2Fwp%2Fv2%2Fcomments&post=1034"}],"version-history":[{"count":1,"href":"https:\/\/bierblog.info\/index.php?rest_route=\/wp\/v2\/posts\/1034\/revisions"}],"predecessor-version":[{"id":1035,"href":"https:\/\/bierblog.info\/index.php?rest_route=\/wp\/v2\/posts\/1034\/revisions\/1035"}],"wp:attachment":[{"href":"https:\/\/bierblog.info\/index.php?rest_route=%2Fwp%2Fv2%2Fmedia&parent=1034"}],"wp:term":[{"taxonomy":"category","embeddable":true,"href":"https:\/\/bierblog.info\/index.php?rest_route=%2Fwp%2Fv2%2Fcategories&post=1034"},{"taxonomy":"post_tag","embeddable":true,"href":"https:\/\/bierblog.info\/index.php?rest_route=%2Fwp%2Fv2%2Ftags&post=1034"}],"curies":[{"name":"wp","href":"https:\/\/api.w.org\/{rel}","templated":true}]}}