{"id":10181,"date":"2020-10-16T17:50:50","date_gmt":"2020-10-16T15:50:50","guid":{"rendered":"http:\/\/bierblog.info\/?p=10181"},"modified":"2020-10-16T17:50:50","modified_gmt":"2020-10-16T15:50:50","slug":"die-braubeviale-2020-ist-als-physische-veranstaltung-abgesagt","status":"publish","type":"post","link":"https:\/\/bierblog.info\/?p=10181","title":{"rendered":"Die BrauBeviale 2020 ist als physische Veranstaltung abgesagt"},"content":{"rendered":"<div class=\"shariff\" data-title=\"Die BrauBeviale 2020 ist als physische Veranstaltung abgesagt\" data-info-url=\"http:\/\/ct.de\/-2467514\" data-backend-url=\"https:\/\/bierblog.info\/wp-content\/plugins\/shariff-sharing\/backend\/index.php\" data-temp=\"\/tmp\" data-ttl=\"60\" data-service=\"gftr\" data-services='[\"googleplus\",\"facebook\",\"twitter\",\"reddit\",\"info\"]' data-image=\"\" data-url=\"https:\/\/bierblog.info\/?p=10181\" data-lang=\"de\" data-theme=\"colored\" data-orientation=\"horizontal\"><\/div><p>Es hat vermutlich jeder gemerkt: die Corona-Fallzahlen steigen unaufh\u00f6rlich, nachdem die Urlauber aus Spanien und anderen L\u00e4ndern im S\u00fcden zur\u00fcckgekehrt sind (ob dies urs\u00e4chlich zusammenh\u00e4ngt oder nur zuf\u00e4llig zeitlich zusammenf\u00e4llt m\u00fcssen wir hier nicht diskutieren). Dass in dieser Situation viele Veranstaltungen nicht stattfinden k\u00f6nnen liegt wohl auf der Hand.\n<\/p>\n<p>Nach ausf\u00fchrlichen Gespr\u00e4chen und kritischer Beobachtung der aktuellen Lage hat die N\u00fcrnbergMesse in enger Abstimmung mit ihren Kunden und Partnern beschlossen, die physische Messe der BrauBeviale 2020 Special Edition nicht wie geplant durchzuf\u00fchren und das Programm ausschlie\u00dflich in die digitale Welt zu verlegen. Grund hierf\u00fcr sind die aktuellen nationalen und globalen Entwicklungen der Corona-Pandemie, die rasant steigenden Infektionszahlen sowie die damit einhergehenden massiven Dienstreisebeschr\u00e4nkungen in den Unternehmen. Auf der digitalen Dialogplattform myBeviale.com treffen sich Aussteller und Besucher ganzj\u00e4hrig virtuell. Das umfangreiche Rahmenprogramm BrauBeviale@stage wird vom 10. \u2013 12. November 2020 dort online zu erleben sein. Die n\u00e4chste BrauBeviale findet 2022 wieder im Messezentrum N\u00fcrnberg statt.\n<\/p>\n<p>Die N\u00fcrnbergMesse ist mit der BrauBeviale 2020 Special Edition lange Zeit dem ausdr\u00fccklichen Wunsch der Getr\u00e4nkebranche nachgekommen, sich endlich wieder pers\u00f6nlich zu treffen und auszutauschen. Zahlreiche intensive Gespr\u00e4che mit Ausstellern, Partnern und Besuchern haben zu dieser Entscheidung gef\u00fchrt. In Abstimmung mit den zust\u00e4ndigen Beh\u00f6rden wurden Sicherheits- und Hygieneschutzkonzepte erarbeitet, die eine reibungslose und sichere Messeteilnahme f\u00fcr alle gew\u00e4hrleisten sollten. Bis zuletzt hat die BrauBeviale Special Edition viel Zuspruch und Unterst\u00fctzung aus der Branche erhalten. &#8222;Wir hatten einen langen Atem und h\u00e4tten ihn auch noch bis November gehabt \u2013 f\u00fcr unsere Aussteller, Besucher und Partner. Leider wird der Branche nun auch die letzte M\u00f6glichkeit eines physischen Treffens in diesem Jahr genommen&#8220; bedauert Andrea Kalrait, Executive Director BrauBeviale bei der N\u00fcrnbergMesse. &#8222;Allerdings d\u00fcrfen wir bei allem Engagement nat\u00fcrlich nicht unsere Augen vor den aktuellen Entwicklungen verschlie\u00dfen. Das sind wir unseren Kunden und Partnern schuldig. Wir waren gut vorbereitet, m\u00fcssen jedoch realistisch mit der aktuellen Situation umgehen. Insofern arbeiten wir nun weiter mit Hochdruck an unserem Online-Angebot und freuen uns, die Getr\u00e4nkebranche ab November virtuell auf unserer digitalen Dialogplattform myBeviale.com zu vereinen.&#8220;\n<\/p>\n<h3>Die Getr\u00e4nkebranche trifft sich digital: myBeviale.com<br \/>\n<\/h3>\n<p>Zusammenkommen, Wissen teilen, Ideen mitnehmen: Das erwarten die Aussteller und Besucher von der BrauBeviale. Um den Dialog in der Getr\u00e4nkebranche zu st\u00e4rken, startet Anfang November die digitale Dialogplattform myBeviale.com (<a href=\"http:\/\/www.mybeviale.com\/\">http:\/\/www.mybeviale.com\/<\/a>) . Bereits f\u00fcr die physische Veranstaltung wurde ein umfassenderes Rahmenprogramm denn je geplant. BrauBeviale@stage mit sechs Themenb\u00fchnen wird nun ausschlie\u00dflich online erlebbar sein. Andrea Kalrait dankt allen Kunden, die die BrauBeviale auch als Special Edition unterst\u00fctzt haben: &#8222;Starke Partner in schwierigen Zeiten sind unersetzlich. Wir arbeiten gemeinsam ebenso engagiert weiter, um der internationalen Getr\u00e4nkebranche auch virtuell und ganzj\u00e4hrig eine Plattform zu bieten. Wir freuen uns auf ein Wiedersehen online und sp\u00e4testens 2022 wieder im N\u00fcrnberger Messezentrum!&#8220;\n<\/p>\n<p>Aktuelle Informationen zur BrauBeviale Special Edition unter: <a href=\"http:\/\/www.braubeviale.de\">www.braubeviale.de<\/a> und auch hier. Ich werde die Entwicklung verfolgen und Sie auf dem Laufenden halten.<\/p>\n","protected":false},"excerpt":{"rendered":"<p>Es hat vermutlich jeder gemerkt: die Corona-Fallzahlen steigen unaufh\u00f6rlich, nachdem die Urlauber aus Spanien und anderen L\u00e4ndern im S\u00fcden zur\u00fcckgekehrt sind (ob dies urs\u00e4chlich zusammenh\u00e4ngt oder nur zuf\u00e4llig zeitlich zusammenf\u00e4llt m\u00fcssen wir hier nicht diskutieren). Dass in dieser Situation viele Veranstaltungen nicht stattfinden k\u00f6nnen liegt wohl auf der Hand. Nach ausf\u00fchrlichen Gespr\u00e4chen und kritischer Beobachtung [&hellip;]<\/p>\n","protected":false},"author":1,"featured_media":0,"comment_status":"open","ping_status":"open","sticky":false,"template":"","format":"standard","meta":{"jetpack_post_was_ever_published":false,"_jetpack_newsletter_access":"","_jetpack_dont_email_post_to_subs":false,"_jetpack_newsletter_tier_id":0,"_jetpack_memberships_contains_paywalled_content":false,"_jetpack_memberships_contains_paid_content":false,"footnotes":"","jetpack_publicize_message":"","jetpack_publicize_feature_enabled":true,"jetpack_social_post_already_shared":true,"jetpack_social_options":{"image_generator_settings":{"template":"highway","default_image_id":0,"font":"","enabled":false},"version":2}},"categories":[3],"tags":[],"class_list":["post-10181","post","type-post","status-publish","format-standard","hentry","category-news"],"aioseo_notices":[],"jetpack_publicize_connections":[],"jetpack_featured_media_url":"","jetpack_sharing_enabled":true,"jetpack_shortlink":"https:\/\/wp.me\/patIpt-2Ed","_links":{"self":[{"href":"https:\/\/bierblog.info\/index.php?rest_route=\/wp\/v2\/posts\/10181","targetHints":{"allow":["GET"]}}],"collection":[{"href":"https:\/\/bierblog.info\/index.php?rest_route=\/wp\/v2\/posts"}],"about":[{"href":"https:\/\/bierblog.info\/index.php?rest_route=\/wp\/v2\/types\/post"}],"author":[{"embeddable":true,"href":"https:\/\/bierblog.info\/index.php?rest_route=\/wp\/v2\/users\/1"}],"replies":[{"embeddable":true,"href":"https:\/\/bierblog.info\/index.php?rest_route=%2Fwp%2Fv2%2Fcomments&post=10181"}],"version-history":[{"count":1,"href":"https:\/\/bierblog.info\/index.php?rest_route=\/wp\/v2\/posts\/10181\/revisions"}],"predecessor-version":[{"id":10182,"href":"https:\/\/bierblog.info\/index.php?rest_route=\/wp\/v2\/posts\/10181\/revisions\/10182"}],"wp:attachment":[{"href":"https:\/\/bierblog.info\/index.php?rest_route=%2Fwp%2Fv2%2Fmedia&parent=10181"}],"wp:term":[{"taxonomy":"category","embeddable":true,"href":"https:\/\/bierblog.info\/index.php?rest_route=%2Fwp%2Fv2%2Fcategories&post=10181"},{"taxonomy":"post_tag","embeddable":true,"href":"https:\/\/bierblog.info\/index.php?rest_route=%2Fwp%2Fv2%2Ftags&post=10181"}],"curies":[{"name":"wp","href":"https:\/\/api.w.org\/{rel}","templated":true}]}}