{"id":10073,"date":"2020-09-20T14:02:57","date_gmt":"2020-09-20T12:02:57","guid":{"rendered":"http:\/\/bierblog.info\/?p=10073"},"modified":"2020-09-20T14:02:57","modified_gmt":"2020-09-20T12:02:57","slug":"unserherzfuerdiewiesn-ein-gruss-der-muenchner-brauereien-in-die-welt","status":"publish","type":"post","link":"https:\/\/bierblog.info\/?p=10073","title":{"rendered":"#UnserHerzF\u00fcrDieWiesn &#8211; Ein Gru\u00df der M\u00fcnchner Brauereien in die Welt"},"content":{"rendered":"<div class=\"shariff\" data-title=\"#UnserHerzF\u00fcrDieWiesn &#8211; Ein Gru\u00df der M\u00fcnchner Brauereien in die Welt\" data-info-url=\"http:\/\/ct.de\/-2467514\" data-backend-url=\"https:\/\/bierblog.info\/wp-content\/plugins\/shariff-sharing\/backend\/index.php\" data-temp=\"\/tmp\" data-ttl=\"60\" data-service=\"gftr\" data-services='[\"googleplus\",\"facebook\",\"twitter\",\"reddit\",\"info\"]' data-image=\"\" data-url=\"https:\/\/bierblog.info\/?p=10073\" data-lang=\"de\" data-theme=\"colored\" data-orientation=\"horizontal\"><\/div><p><img decoding=\"async\" align=\"left\" src=\"http:\/\/bierblog.info\/wp-content\/uploads\/2020\/09\/092020_1202_UnserHerzFr1.png\" alt=\"\"\/>B\u00f6llersch\u00fcsse und das &#8222;Ozapft is&#8220; des M\u00fcnchner Oberb\u00fcrgermeister l\u00e4uten normalerweise das Oktoberfest ein \u2013 nicht so 2020. Auf Initiative des Vereins M\u00fcnchener Brauereien, dem Modehaus Hirmer und Amsel Trachten, trafen sich am 19. September um 10 Uhr bei sch\u00f6nstem Wiesn-Wetter, Wiesn-Wirte, Schausteller, Vertreter der Stadt, das M\u00fcnchner Kindl und der Verein M\u00fcnchner Brauereien, um ihr Herz f\u00fcr die Wiesn zu zeigen und einen Gru\u00df an alle Oktoberfestfans zu schicken.\n<\/p>\n<p>Ein Herz aus Biertischgarnituren umrahmte die Prachtgespanne der Brauereien, je ein Fass Oktoberfestbier wurden angezapft, mit Abstand zugeprostet und so entstand ein Bild als Gru\u00df auch an alle G\u00e4ste, die in diesem Jahr nicht nach M\u00fcnchen zum Feiern kommen. Die Wehmut \u00fcber die ausgefallene Wiesn war bei allen Teilnehmern zu sp\u00fcren, aber in diesem Moment kam auch die Verbundenheit mit dem gr\u00f6\u00dften Volksfest der Welt zum Ausdruck.\n<\/p>\n<p>Entstanden war die Initiative bei einer Ideensammlung wie man ein Bild f\u00fcr das ausgefallene Oktoberfest schaffen kann. Ein Unikat eines extra designten Dirndls mit einem Liebesbrief an das Oktoberfest geh\u00f6rt ebenso dazu wie #UnserHerzF\u00fcrDieWiesn.\n<\/p>\n<p>Andreas Steinfatt, Gesch\u00e4ftsf\u00fchrer der Paulaner Brauerei und Vorsitzender des Vereins M\u00fcnchner Brauereien betont: &#8222;Mit dieser Aktion m\u00f6chten wir ein Bild schaffen, das als Erinnerung an das ausgefallene Oktoberfest bleibt. Abseits der Theresienwiese, mit Abstand, ohne Feier, aber eines das zeigt, wie emotional diese besondere Zeit im Jahr f\u00fcr uns ist und wie wir &#8222;unsere Wiesn&#8220; vermissen&#8220;.<\/p>\n","protected":false},"excerpt":{"rendered":"<p>B\u00f6llersch\u00fcsse und das &#8222;Ozapft is&#8220; des M\u00fcnchner Oberb\u00fcrgermeister l\u00e4uten normalerweise das Oktoberfest ein \u2013 nicht so 2020. Auf Initiative des Vereins M\u00fcnchener Brauereien, dem Modehaus Hirmer und Amsel Trachten, trafen sich am 19. September um 10 Uhr bei sch\u00f6nstem Wiesn-Wetter, Wiesn-Wirte, Schausteller, Vertreter der Stadt, das M\u00fcnchner Kindl und der Verein M\u00fcnchner Brauereien, um ihr [&hellip;]<\/p>\n","protected":false},"author":1,"featured_media":0,"comment_status":"open","ping_status":"open","sticky":false,"template":"","format":"standard","meta":{"jetpack_post_was_ever_published":false,"_jetpack_newsletter_access":"","_jetpack_dont_email_post_to_subs":false,"_jetpack_newsletter_tier_id":0,"_jetpack_memberships_contains_paywalled_content":false,"_jetpack_memberships_contains_paid_content":false,"footnotes":"","jetpack_publicize_message":"","jetpack_publicize_feature_enabled":true,"jetpack_social_post_already_shared":true,"jetpack_social_options":{"image_generator_settings":{"template":"highway","default_image_id":0,"font":"","enabled":false},"version":2}},"categories":[3],"tags":[],"class_list":["post-10073","post","type-post","status-publish","format-standard","hentry","category-news"],"aioseo_notices":[],"jetpack_publicize_connections":[],"jetpack_featured_media_url":"","jetpack_sharing_enabled":true,"jetpack_shortlink":"https:\/\/wp.me\/patIpt-2Ct","_links":{"self":[{"href":"https:\/\/bierblog.info\/index.php?rest_route=\/wp\/v2\/posts\/10073","targetHints":{"allow":["GET"]}}],"collection":[{"href":"https:\/\/bierblog.info\/index.php?rest_route=\/wp\/v2\/posts"}],"about":[{"href":"https:\/\/bierblog.info\/index.php?rest_route=\/wp\/v2\/types\/post"}],"author":[{"embeddable":true,"href":"https:\/\/bierblog.info\/index.php?rest_route=\/wp\/v2\/users\/1"}],"replies":[{"embeddable":true,"href":"https:\/\/bierblog.info\/index.php?rest_route=%2Fwp%2Fv2%2Fcomments&post=10073"}],"version-history":[{"count":1,"href":"https:\/\/bierblog.info\/index.php?rest_route=\/wp\/v2\/posts\/10073\/revisions"}],"predecessor-version":[{"id":10074,"href":"https:\/\/bierblog.info\/index.php?rest_route=\/wp\/v2\/posts\/10073\/revisions\/10074"}],"wp:attachment":[{"href":"https:\/\/bierblog.info\/index.php?rest_route=%2Fwp%2Fv2%2Fmedia&parent=10073"}],"wp:term":[{"taxonomy":"category","embeddable":true,"href":"https:\/\/bierblog.info\/index.php?rest_route=%2Fwp%2Fv2%2Fcategories&post=10073"},{"taxonomy":"post_tag","embeddable":true,"href":"https:\/\/bierblog.info\/index.php?rest_route=%2Fwp%2Fv2%2Ftags&post=10073"}],"curies":[{"name":"wp","href":"https:\/\/api.w.org\/{rel}","templated":true}]}}